{"id":14517,"date":"2012-10-17T14:00:20","date_gmt":"2012-10-17T12:00:20","guid":{"rendered":"https:\/\/victorlax.net\/juan-leire-family-time\/"},"modified":"2023-06-08T14:00:03","modified_gmt":"2023-06-08T12:00:03","slug":"juan-leire-family-time","status":"publish","type":"post","link":"https:\/\/victorlax.net\/es\/familia\/juan-leire-family-time\/","title":{"rendered":"Juan + Leire.   Family time."},"content":{"rendered":"\n<p>A las pocas semanas de su <strong>boda en Donostia<\/strong>, recib\u00ed la llamada de Juan &amp; Leire, detr\u00e1s del tel\u00e9fono se encontraba Juan, euf\u00f3rico como siempre,jaja. No me hab\u00eda llamado tan solo para decirme lo mucho que les hab\u00edan gustado las <a href=\"https:\/\/www.victorlax.net\/blog\/2012\/08\/leire-juan-boda-en-san-sabastian\/\">fotos de su boda<\/a> sino para proponerme muchas m\u00e1s.<\/p>\n\n<p>Leire &amp; Juan quer\u00edan salir al campo, invitar a su familia y pasar un dia junto a ellos para reir,disfrutar y recordar lo que fue el d\u00eda de su boda en plena naturaleza, en un lugar realmente espectacular. Leire, adem\u00e1s me coment\u00f3 que le apetecer\u00eda enormemente hacerse unas <strong>fotos al atardecer<\/strong> junto a Juan con aquel precioso vestido de noche que llevo el dia su boda . Os pod\u00e9is imaginar, yo m\u00e1s que encantado.<\/p>\n\n<p>Os dejo con el resumen de los mejores instantes en las faldas del <strong>Castillo de Antoine d&#8217; Abbadie<\/strong> de Hendaya , id\u00edlico lugar donde adem\u00e1s de brindar por el nuevo matrimonio pudimos despedirnos del verano y sus \u00faltimos rayos de luz.<\/p>\n\n<p>Sed felices amigos!!<\/p>\n\n<p>Leire eta Juanen ezkontza ospatu zenetik aste gutxitara Juanen deia jaso nuen. Pozaren pozez (beti bezala, jajaja!!) bere ezkontzako argazkiak oso gustokoak izan zituela esateko ezezik, beste proposamen bat egiteko ere deitu zidan.<\/p>\n\n<p>Leire eta Juanek bere senideekin alorrean eguna pasa nahi zuten. Egun berezi bat leku ikusgarri batean elkarrekin gozatzeko. Leirek, bere ezkontza egunean gauean eraman zuen soineko eder hura jantzita, Juanekin ilunabarrean argazkiak egin nahi zituen ere. Ezin ezetz esan.<\/p>\n\n<p>Une honen laburpenarekin uzten zaituztet, Hendaian, Antoine d&#8217; Abbadie-ko Gaztelu zelaietan. Ametsetako ingurune zoragarri honetan, ezkontza berri honi topa egiteaz gain, udari eta bere azkeneko argi-izpiei agurra eman genion.<\/p>\n\n<p>Zoriontsuak izan lagunak!!<\/p>\n<div class=\"wp-block-image\">\n<figure class=\"aligncenter\"><img decoding=\"async\" src=\"https:\/\/victorlax.net\/wp-content\/uploads\/2022\/11\/02-1.jpg\" alt=\"photographe de mariage, fot&#xF3;grafo de bodas. V&#xED;ctor Lax\" class=\"wp-image-4822\" title=\"Fot&#xF3;grafo de bodas en Zaragoza y Espa&#xF1;a. Fotograf&#xED;a art&#xED;stica, creativa y emocional. Wedding Photographer.\"\/><\/figure><\/div><div class=\"wp-block-image\">\n<figure class=\"aligncenter\"><img decoding=\"async\" src=\"https:\/\/victorlax.net\/wp-content\/uploads\/2022\/11\/03-1.jpg\" alt=\"photographe de mariage. fot&#xF3;grafo de bodas. V&#xED;ctor Lax\" class=\"wp-image-4823\" title=\"Fot&#xF3;grafo de bodas en Zaragoza y Espa&#xF1;a. Fotograf&#xED;a art&#xED;stica, creativa y emocional. Wedding Photographer.\"\/><\/figure><\/div><div class=\"wp-block-image\">\n<figure class=\"aligncenter\"><img decoding=\"async\" src=\"https:\/\/victorlax.net\/wp-content\/uploads\/2022\/11\/04-2.jpg\" alt=\"photographe de mariage. fot&#xF3;grafo de bodas. V&#xED;ctor Lax\" class=\"wp-image-4824\" title=\"Fot&#xF3;grafo de bodas en Zaragoza y Espa&#xF1;a. Fotograf&#xED;a art&#xED;stica, creativa y emocional. Wedding Photographer.\"\/><\/figure><\/div><div class=\"wp-block-image\">\n<figure class=\"aligncenter\"><img decoding=\"async\" src=\"https:\/\/victorlax.net\/wp-content\/uploads\/2022\/11\/05-1.jpg\" alt=\"Photographe de mariage. Fot&#xF3;grafo de bodas. V&#xED;ctor Lax\" class=\"wp-image-4825\" title=\"Fot&#xF3;grafo de bodas en Zaragoza y Espa&#xF1;a. Fotograf&#xED;a art&#xED;stica, creativa y emocional. Wedding Photographer.\"\/><\/figure><\/div><div class=\"wp-block-image\">\n<figure class=\"aligncenter\"><img decoding=\"async\" src=\"https:\/\/victorlax.net\/wp-content\/uploads\/2022\/11\/06-1.jpg\" alt=\"Photographe de mariage. Fot&#xF3;grafo de bodas. V&#xED;ctor Lax\" class=\"wp-image-4826\" title=\"Fot&#xF3;grafo de bodas en Zaragoza y Espa&#xF1;a. Fotograf&#xED;a art&#xED;stica, creativa y emocional. Wedding Photographer.\"\/><\/figure><\/div><div class=\"wp-block-image\">\n<figure class=\"aligncenter\"><img decoding=\"async\" src=\"https:\/\/victorlax.net\/wp-content\/uploads\/2022\/11\/07-1.jpg\" alt=\"photographe de mariage. fot&#xF3;grafo de bodas. V&#xED;ctor Lax\" class=\"wp-image-4827\" title=\"Fot&#xF3;grafo de bodas en Zaragoza y Espa&#xF1;a. Fotograf&#xED;a art&#xED;stica, creativa y emocional. Wedding Photographer.\"\/><\/figure><\/div><div class=\"wp-block-image\">\n<figure class=\"aligncenter\"><img decoding=\"async\" src=\"https:\/\/victorlax.net\/wp-content\/uploads\/2022\/11\/08-1.jpg\" alt=\"photographe de mariage. fot&#xF3;grafo de bodas. V&#xED;ctor Lax\" class=\"wp-image-4828\" title=\"Fot&#xF3;grafo de bodas en Zaragoza y Espa&#xF1;a. Fotograf&#xED;a art&#xED;stica, creativa y emocional. Wedding Photographer.\"\/><\/figure><\/div><div class=\"wp-block-image\">\n<figure class=\"aligncenter\"><img decoding=\"async\" src=\"https:\/\/victorlax.net\/wp-content\/uploads\/2022\/11\/091-2.jpg\" alt=\" castillo de Antoine d' Abbadie, Hendaye, Hendaya, Fotograf&#xED;a de boda en Pa&#xED;s Vasco.\" class=\"wp-image-4870\" title=\"Fot&#xF3;grafo de bodas en Zaragoza y Espa&#xF1;a. Fotograf&#xED;a art&#xED;stica, creativa y emocional. Wedding Photographer\"\/><\/figure><\/div><div class=\"wp-block-image\">\n<figure class=\"aligncenter\"><img decoding=\"async\" src=\"https:\/\/victorlax.net\/wp-content\/uploads\/2022\/11\/10-1.jpg\" alt=\"photographe de mariage. fot&#xF3;grafo de bodas. V&#xED;ctor Lax\" class=\"wp-image-4830\" title=\"Fot&#xF3;grafo de bodas en Zaragoza y Espa&#xF1;a. Fotograf&#xED;a art&#xED;stica, creativa y emocional. Wedding Photographer.\"\/><\/figure><\/div><div class=\"wp-block-image\">\n<figure class=\"aligncenter\"><img decoding=\"async\" src=\"https:\/\/victorlax.net\/wp-content\/uploads\/2022\/11\/11-1.jpg\" alt=\"Photographe de mariage. Fot&#xF3;grafo de bodas. V&#xED;ctor Lax. Hendaye\" class=\"wp-image-4831\" title=\"Fot&#xF3;grafo de bodas en Zaragoza y Espa&#xF1;a. Fotograf&#xED;a art&#xED;stica, creativa y emocional. Wedding Photographer.\"\/><\/figure><\/div><div class=\"wp-block-image\">\n<figure class=\"aligncenter\"><img decoding=\"async\" src=\"https:\/\/victorlax.net\/wp-content\/uploads\/2022\/11\/12-1.jpg\" alt=\"Fot&#xF3;grafo de bodas en Zaragoza y Espa&#xF1;a. Fotograf&#xED;a art&#xED;stica, creativa y emocional. Wedding Photographer.\" class=\"wp-image-4832\" title=\"Fot&#xF3;grafo de bodas en Zaragoza y Espa&#xF1;a. Fotograf&#xED;a art&#xED;stica, creativa y emocional. Wedding Photographer.\"\/><\/figure><\/div><div class=\"wp-block-image\">\n<figure class=\"aligncenter\"><img decoding=\"async\" src=\"https:\/\/victorlax.net\/wp-content\/uploads\/2022\/11\/13-1.jpg\" alt=\"Photographe de mariage. Fot&#xF3;grafo de bodas. V&#xED;ctor Lax. Hendaye\" class=\"wp-image-4833\" title=\"Fot&#xF3;grafo de bodas en Zaragoza y Espa&#xF1;a. Fotograf&#xED;a art&#xED;stica, creativa y emocional. Wedding Photographer.\"\/><\/figure><\/div><div class=\"wp-block-image\">\n<figure class=\"aligncenter\"><img decoding=\"async\" src=\"https:\/\/victorlax.net\/wp-content\/uploads\/2022\/11\/14-2.jpg\" alt=\"Fot&#xF3;grafo de bodas. V&#xED;ctor Lax\" class=\"wp-image-4834\" title=\"Fot&#xF3;grafo de bodas en Zaragoza y Espa&#xF1;a. Fotograf&#xED;a art&#xED;stica, creativa y emocional. Wedding Photographer.\"\/><\/figure><\/div><div class=\"wp-block-image\">\n<figure class=\"aligncenter\"><img decoding=\"async\" src=\"https:\/\/victorlax.net\/wp-content\/uploads\/2022\/11\/15-2.jpg\" alt=\"Fot&#xF3;grafo de bodas. Photographe de mariage. V&#xED;ctor Lax en Hendaya\" class=\"wp-image-4835\" title=\"Fot&#xF3;grafo de bodas en Zaragoza y Espa&#xF1;a. Fotograf&#xED;a art&#xED;stica, creativa y emocional. Wedding Photographer.\"\/><\/figure><\/div><div class=\"wp-block-image\">\n<figure class=\"aligncenter\"><img decoding=\"async\" src=\"https:\/\/victorlax.net\/wp-content\/uploads\/2022\/11\/16-2.jpg\" alt=\"Fot&#xF3;grafo de bodas en el Pa&#xED;s Vasco. Hendaya. V&#xED;ctor Lax\" class=\"wp-image-4836\" title=\"Fot&#xF3;grafo de bodas en Zaragoza y Espa&#xF1;a. Fotograf&#xED;a art&#xED;stica, creativa y emocional. Wedding Photographer.\"\/><\/figure><\/div><div class=\"wp-block-image\">\n<figure class=\"aligncenter\"><img decoding=\"async\" src=\"https:\/\/victorlax.net\/wp-content\/uploads\/2022\/11\/17-2.jpg\" alt=\"Fot&#xF3;grafo de bodas. Photographe de mariage. V&#xED;ctor Lax\" class=\"wp-image-4837\" title=\"Fot&#xF3;grafo de bodas en Zaragoza y Espa&#xF1;a. Fotograf&#xED;a art&#xED;stica, creativa y emocional. Wedding Photographer.\"\/><\/figure><\/div><div class=\"wp-block-image\">\n<figure class=\"aligncenter\"><img decoding=\"async\" src=\"https:\/\/victorlax.net\/wp-content\/uploads\/2022\/11\/18-2.jpg\" alt=\"Hendaya, Pais Vasco. Fot&#xF3;grafo de bodas en el Pa&#xED;s Vasco. Photographe de mariage\" class=\"wp-image-4838\" title=\"Fot&#xF3;grafo de bodas en Zaragoza y Espa&#xF1;a. Fotograf&#xED;a art&#xED;stica, creativa y emocional. Wedding Photographer.\"\/><\/figure><\/div><div class=\"wp-block-image\">\n<figure class=\"aligncenter\"><img decoding=\"async\" src=\"https:\/\/victorlax.net\/wp-content\/uploads\/2022\/11\/19-2.jpg\" alt=\"Photographe de mariage. Fotografo de bodas. V&#xED;ctor Lax\" class=\"wp-image-4839\" title=\"Fot&#xF3;grafo de bodas en Zaragoza y Espa&#xF1;a. Fotograf&#xED;a art&#xED;stica, creativa y emocional. Wedding Photographer.\"\/><\/figure><\/div><div class=\"wp-block-image\">\n<figure class=\"aligncenter\"><img decoding=\"async\" src=\"https:\/\/victorlax.net\/wp-content\/uploads\/2022\/11\/20-2.jpg\" alt=\"Fot&#xF3;grafo de bodas en Pa&#xED;s Vasco. V&#xED;ctor Lax\" class=\"wp-image-4840\" title=\"Fot&#xF3;grafo de bodas en Zaragoza y Espa&#xF1;a. Fotograf&#xED;a art&#xED;stica, creativa y emocional. Wedding Photographer.\"\/><\/figure><\/div><div class=\"wp-block-image\">\n<figure class=\"aligncenter\"><img decoding=\"async\" src=\"https:\/\/victorlax.net\/wp-content\/uploads\/2022\/11\/21-2.jpg\" alt=\"Fotograf&#xED;a de bodas. Fot&#xF3;grafo V&#xED;ctor Lax\" class=\"wp-image-4841\" title=\"Fot&#xF3;grafo de bodas en Zaragoza y Espa&#xF1;a. Fotograf&#xED;a art&#xED;stica, creativa y emocional. Wedding Photographer.\"\/><\/figure><\/div><div class=\"wp-block-image\">\n<figure class=\"aligncenter\"><img decoding=\"async\" src=\"https:\/\/victorlax.net\/wp-content\/uploads\/2022\/11\/22-2.jpg\" alt=\"Photographe de mariage. Fotografo de bodas en el Pa&#xED;s Vasco. V&#xED;ctor Lax\" class=\"wp-image-4842\" title=\"Fot&#xF3;grafo de bodas en Zaragoza y Espa&#xF1;a. Fotograf&#xED;a art&#xED;stica, creativa y emocional. Wedding Photographer.\"\/><\/figure><\/div><div class=\"wp-block-image\">\n<figure class=\"aligncenter\"><img decoding=\"async\" src=\"https:\/\/victorlax.net\/wp-content\/uploads\/2022\/11\/23-2.jpg\" alt=\"Fot&#xF3;grafo de bodas en el Pa&#xED;s Vasco. Hendaya. San Sebasti&#xE1;n. Boda en San Sebasti&#xE1;n\" class=\"wp-image-4843\" title=\"Fot&#xF3;grafo de bodas en Zaragoza y Espa&#xF1;a. Fotograf&#xED;a art&#xED;stica, creativa y emocional. Wedding Photographer.\"\/><\/figure><\/div><div class=\"wp-block-image\">\n<figure class=\"aligncenter\"><img decoding=\"async\" src=\"https:\/\/victorlax.net\/wp-content\/uploads\/2022\/11\/24r.jpg\" alt=\"Fot&#xF3;grafo de boda en el Pa&#xED;s Vasco y San Sebasti&#xE1;n. Castillo de Antoine d' Abbadie\" class=\"wp-image-4873\" title=\"Fot&#xF3;grafo de bodas en Zaragoza y Espa&#xF1;a. Fotograf&#xED;a art&#xED;stica, creativa y emocional. Wedding Photographer.\"\/><\/figure><\/div><div class=\"wp-block-image\">\n<figure class=\"aligncenter\"><img decoding=\"async\" src=\"https:\/\/victorlax.net\/wp-content\/uploads\/2022\/11\/25-2.jpg\" alt=\"Fot&#xF3;grafo de bodas en el Pa&#xED;s Vasco. San Sebasti&#xE1;n. Hendaye. Photographe de mariage. V&#xED;ctor Lax\" class=\"wp-image-4845\" title=\"Fot&#xF3;grafo de bodas en Zaragoza y Espa&#xF1;a. Fotograf&#xED;a art&#xED;stica, creativa y emocional. Wedding Photographer.\"\/><\/figure><\/div>","protected":false},"excerpt":{"rendered":"<p>A las pocas semanas de su boda en Donostia, recib\u00ed la llamada de Juan &amp; Leire, detr\u00e1s del tel\u00e9fono se encontraba Juan, euf\u00f3rico como siempre,jaja. No me hab\u00eda llamado tan solo para decirme lo mucho que les hab\u00edan gustado las fotos de su boda sino para proponerme muchas m\u00e1s. Leire &amp; Juan quer\u00edan salir al [&hellip;]<\/p>\n","protected":false},"author":1,"featured_media":14543,"comment_status":"closed","ping_status":"open","sticky":false,"template":"","format":"standard","meta":{"inline_featured_image":false,"footnotes":"","_links_to":"","_links_to_target":""},"categories":[769],"tags":[774,775,776,503,801],"acf":[],"yoast_head":"<!-- This site is optimized with the Yoast SEO plugin v19.10 - https:\/\/yoast.com\/wordpress\/plugins\/seo\/ -->\n<title>Juan y Leire | Familia | Sesi\u00f3n de fotos - Victor Lax<\/title>\n<meta name=\"description\" content=\"Semanas despu\u00e9s de la boca, Juan y Leire me llamaron para hacer otra sesi\u00f3n de fotos con su familia en el campo de Donosti. Echa un vistazo a las fotos\" \/>\n<meta name=\"robots\" content=\"index, follow, max-snippet:-1, max-image-preview:large, max-video-preview:-1\" \/>\n<link rel=\"canonical\" href=\"https:\/\/victorlax.net\/es\/familia\/juan-leire-family-time\/\" \/>\n<meta property=\"og:locale\" content=\"es_ES\" \/>\n<meta property=\"og:type\" content=\"article\" \/>\n<meta property=\"og:title\" content=\"Juan y Leire | Familia | Sesi\u00f3n de fotos - Victor Lax\" \/>\n<meta property=\"og:description\" content=\"Semanas despu\u00e9s de la boca, Juan y Leire me llamaron para hacer otra sesi\u00f3n de fotos con su familia en el campo de Donosti. Echa un vistazo a las fotos\" \/>\n<meta property=\"og:url\" content=\"https:\/\/victorlax.net\/es\/familia\/juan-leire-family-time\/\" \/>\n<meta property=\"og:site_name\" content=\"VictorLax\" \/>\n<meta property=\"article:published_time\" content=\"2012-10-17T12:00:20+00:00\" \/>\n<meta property=\"article:modified_time\" content=\"2023-06-08T12:00:03+00:00\" \/>\n<meta property=\"og:image\" content=\"https:\/\/victorlax.net\/wp-content\/uploads\/2022\/11\/01-2.jpg\" \/>\n\t<meta property=\"og:image:width\" content=\"800\" \/>\n\t<meta property=\"og:image:height\" content=\"532\" \/>\n\t<meta property=\"og:image:type\" content=\"image\/jpeg\" \/>\n<meta name=\"author\" content=\"Superadmin\" \/>\n<meta name=\"twitter:card\" content=\"summary_large_image\" \/>\n<meta name=\"twitter:label1\" content=\"Written by\" \/>\n\t<meta name=\"twitter:data1\" content=\"Superadmin\" \/>\n\t<meta name=\"twitter:label2\" content=\"Est. reading time\" \/>\n\t<meta name=\"twitter:data2\" content=\"6 minutes\" \/>\n<!-- \/ Yoast SEO plugin. -->","yoast_head_json":{"title":"Juan y Leire | Familia | Sesi\u00f3n de fotos - Victor Lax","description":"Semanas despu\u00e9s de la boca, Juan y Leire me llamaron para hacer otra sesi\u00f3n de fotos con su familia en el campo de Donosti. Echa un vistazo a las fotos","robots":{"index":"index","follow":"follow","max-snippet":"max-snippet:-1","max-image-preview":"max-image-preview:large","max-video-preview":"max-video-preview:-1"},"canonical":"https:\/\/victorlax.net\/es\/familia\/juan-leire-family-time\/","og_locale":"es_ES","og_type":"article","og_title":"Juan y Leire | Familia | Sesi\u00f3n de fotos - Victor Lax","og_description":"Semanas despu\u00e9s de la boca, Juan y Leire me llamaron para hacer otra sesi\u00f3n de fotos con su familia en el campo de Donosti. Echa un vistazo a las fotos","og_url":"https:\/\/victorlax.net\/es\/familia\/juan-leire-family-time\/","og_site_name":"VictorLax","article_published_time":"2012-10-17T12:00:20+00:00","article_modified_time":"2023-06-08T12:00:03+00:00","og_image":[{"width":800,"height":532,"url":"https:\/\/victorlax.net\/wp-content\/uploads\/2022\/11\/01-2.jpg","type":"image\/jpeg"}],"author":"Superadmin","twitter_card":"summary_large_image","twitter_misc":{"Written by":"Superadmin","Est. reading time":"6 minutes"},"schema":{"@context":"https:\/\/schema.org","@graph":[{"@type":"WebPage","@id":"https:\/\/victorlax.net\/es\/familia\/juan-leire-family-time\/","url":"https:\/\/victorlax.net\/es\/familia\/juan-leire-family-time\/","name":"Juan y Leire | Familia | Sesi\u00f3n de fotos - Victor Lax","isPartOf":{"@id":"https:\/\/victorlax.net\/es\/#website"},"datePublished":"2012-10-17T12:00:20+00:00","dateModified":"2023-06-08T12:00:03+00:00","author":{"@id":"https:\/\/victorlax.net\/es\/#\/schema\/person\/78816daac500350703788a4da6d809a5"},"description":"Semanas despu\u00e9s de la boca, Juan y Leire me llamaron para hacer otra sesi\u00f3n de fotos con su familia en el campo de Donosti. Echa un vistazo a las fotos","breadcrumb":{"@id":"https:\/\/victorlax.net\/es\/familia\/juan-leire-family-time\/#breadcrumb"},"inLanguage":"es","potentialAction":[{"@type":"ReadAction","target":["https:\/\/victorlax.net\/es\/familia\/juan-leire-family-time\/"]}]},{"@type":"BreadcrumbList","@id":"https:\/\/victorlax.net\/es\/familia\/juan-leire-family-time\/#breadcrumb","itemListElement":[{"@type":"ListItem","position":1,"name":"Inicio","item":"https:\/\/victorlax.net\/es\/"},{"@type":"ListItem","position":2,"name":"Juan + Leire. Family time."}]},{"@type":"WebSite","@id":"https:\/\/victorlax.net\/es\/#website","url":"https:\/\/victorlax.net\/es\/","name":"VictorLax","description":"Convertimos tu boda en una obra de arte","potentialAction":[{"@type":"SearchAction","target":{"@type":"EntryPoint","urlTemplate":"https:\/\/victorlax.net\/es\/?s={search_term_string}"},"query-input":"required name=search_term_string"}],"inLanguage":"es"},{"@type":"Person","@id":"https:\/\/victorlax.net\/es\/#\/schema\/person\/78816daac500350703788a4da6d809a5","name":"Superadmin","sameAs":["https:\/\/victorlax.net"]}]}},"_links":{"self":[{"href":"https:\/\/victorlax.net\/es\/wp-json\/wp\/v2\/posts\/14517"}],"collection":[{"href":"https:\/\/victorlax.net\/es\/wp-json\/wp\/v2\/posts"}],"about":[{"href":"https:\/\/victorlax.net\/es\/wp-json\/wp\/v2\/types\/post"}],"author":[{"embeddable":true,"href":"https:\/\/victorlax.net\/es\/wp-json\/wp\/v2\/users\/1"}],"replies":[{"embeddable":true,"href":"https:\/\/victorlax.net\/es\/wp-json\/wp\/v2\/comments?post=14517"}],"version-history":[{"count":2,"href":"https:\/\/victorlax.net\/es\/wp-json\/wp\/v2\/posts\/14517\/revisions"}],"predecessor-version":[{"id":34435,"href":"https:\/\/victorlax.net\/es\/wp-json\/wp\/v2\/posts\/14517\/revisions\/34435"}],"wp:featuredmedia":[{"embeddable":true,"href":"https:\/\/victorlax.net\/es\/wp-json\/wp\/v2\/media\/14543"}],"wp:attachment":[{"href":"https:\/\/victorlax.net\/es\/wp-json\/wp\/v2\/media?parent=14517"}],"wp:term":[{"taxonomy":"category","embeddable":true,"href":"https:\/\/victorlax.net\/es\/wp-json\/wp\/v2\/categories?post=14517"},{"taxonomy":"post_tag","embeddable":true,"href":"https:\/\/victorlax.net\/es\/wp-json\/wp\/v2\/tags?post=14517"}],"curies":[{"name":"wp","href":"https:\/\/api.w.org\/{rel}","templated":true}]}}