{"id":14546,"date":"2012-10-23T10:52:25","date_gmt":"2012-10-23T08:52:25","guid":{"rendered":"https:\/\/victorlax.net\/clara-tena-esperan-a-leyre\/"},"modified":"2023-06-08T14:00:00","modified_gmt":"2023-06-08T12:00:00","slug":"clara-tena-esperan-a-leyre","status":"publish","type":"post","link":"https:\/\/victorlax.net\/es\/embarazo\/clara-tena-esperan-a-leyre\/","title":{"rendered":"Clara &#038; Tena esperan a Leyre."},"content":{"rendered":"\n<p>A Clara la conozco desde que era un ni\u00f1o. Hubo un tiempo en el que sabiamos perfectamente el uno del otro. Ambos salimos de nuestro pueblo natal a estudiar a diferentes ciudades y poco a poco empezamos a coincidir en fechas muy se\u00f1aladas.<\/p>\n\n<p>Clara se traslad\u00f3 a Francia a trabajar en una escuela de baile y yo me instal\u00e9 en Zaragoza como fotoperiodista para diferentes medios locales de la ciudad.<\/p>\n\n<p>Hace pocos dias me llam\u00f3 de nuevo y fue toda una alegr\u00eda volverla a escuchar. Me coment\u00f3 que llevaba unos dias en el pueblo con la familia y su pareja esperando que ella diera a luz!!!!! . Ohhhhh!!! \ud83d\ude42<\/p>\n\n<p>Clara &amp; Tena me propusieron una sesi\u00f3n de fotos de lo m\u00e1s espectacular. Quer\u00edan llevarme al lugar donde se dieron el primer beso, su lugar preferido. Pero no llevarme de cualquier forma,jaja!, lo iban a hacer en avioneta,jaja!! Clara se desplaz\u00f3 en coche hasta las orillas del embalse del Mediano y Tena, piloto aguerrido, me llevo hasta all\u00ed volando.<\/p>\n\n<p>Ayer fue una tarde de reencuentros, de felicidad y de disfrutar de una increible localizaci\u00f3n con una luz exquisita!!!<\/p>\n\n<p>Nos os entretengo m\u00e1s, os dejo con los mejores momentos de la tarde de ayer.<\/p>\n<div class=\"wp-block-image\">\n<figure class=\"aligncenter\"><img decoding=\"async\" src=\"https:\/\/victorlax.net\/wp-content\/uploads\/2022\/11\/011-1.jpg\" alt=\"V&#xED;ctor Lax. Fotografo de bodas en Zaragoza.\" class=\"wp-image-4885\" title=\"Fot&#xF3;grafo de bodas en Zaragoza y Espa&#xF1;a. Fotograf&#xED;a art&#xED;stica, creativa y emocional. Wedding Photographer.\"\/><\/figure><\/div><div class=\"wp-block-image\">\n<figure class=\"aligncenter\"><img decoding=\"async\" src=\"https:\/\/victorlax.net\/wp-content\/uploads\/2022\/11\/021.jpg\" alt=\"V&#xED;ctor Lax. Fot&#xF3;grafo de bodas en Zaragoza.\" class=\"wp-image-4886\" title=\"Fot&#xF3;grafo de bodas en Zaragoza y Espa&#xF1;a. Fotograf&#xED;a art&#xED;stica, creativa y emocional. Wedding Photographer.\"\/><\/figure><\/div><div class=\"wp-block-image\">\n<figure class=\"aligncenter\"><img decoding=\"async\" src=\"https:\/\/victorlax.net\/wp-content\/uploads\/2022\/11\/031-3.jpg\" alt=\"V&#xED;ctor Lax. Fot&#xF3;grafo de bodas en Zaragoza\" class=\"wp-image-4887\" title=\"Fot&#xF3;grafo de bodas en Zaragoza y Espa&#xF1;a. Fotograf&#xED;a art&#xED;stica, creativa y emocional. Wedding Photographer.\"\/><\/figure><\/div><div class=\"wp-block-image\">\n<figure class=\"aligncenter\"><img decoding=\"async\" src=\"https:\/\/victorlax.net\/wp-content\/uploads\/2022\/11\/041-1.jpg\" alt=\"V&#xED;ctor Lax. Fot&#xF3;grafo de bodas en Zaragoza\" class=\"wp-image-4888\" title=\"Fot&#xF3;grafo de bodas en Zaragoza y Espa&#xF1;a. Fotograf&#xED;a art&#xED;stica, creativa y emocional. Wedding Photographer.\"\/><\/figure><\/div><div class=\"wp-block-image\">\n<figure class=\"aligncenter\"><img decoding=\"async\" src=\"https:\/\/victorlax.net\/wp-content\/uploads\/2022\/11\/051-1.jpg\" alt=\"V&#xED;ctor Lax. Fot&#xF3;grafo de bodas en Zaragoza\" class=\"wp-image-4889\" title=\"Fot&#xF3;grafo de bodas en Zaragoza y Espa&#xF1;a. Fotograf&#xED;a art&#xED;stica, creativa y emocional. Wedding Photographer.\"\/><\/figure><\/div><div class=\"wp-block-image\">\n<figure class=\"aligncenter\"><img decoding=\"async\" src=\"https:\/\/victorlax.net\/wp-content\/uploads\/2022\/11\/061-2.jpg\" alt=\"V&#xED;ctor Lax. Fot&#xF3;grafo de bodas en Zaragoza\" class=\"wp-image-4890\" title=\"Fot&#xF3;grafo de bodas en Zaragoza y Espa&#xF1;a. Fotograf&#xED;a art&#xED;stica, creativa y emocional. Wedding Photographer.\"\/><\/figure><\/div><div class=\"wp-block-image\">\n<figure class=\"aligncenter\"><img decoding=\"async\" src=\"https:\/\/victorlax.net\/wp-content\/uploads\/2022\/11\/071-2.jpg\" alt=\"V&#xED;ctor Lax. Fot&#xF3;grafo de bodas en Zaragoza\" class=\"wp-image-4891\" title=\"Fot&#xF3;grafo de bodas en Zaragoza y Espa&#xF1;a. Fotograf&#xED;a art&#xED;stica, creativa y emocional. Wedding Photographer.\"\/><\/figure><\/div><div class=\"wp-block-image\">\n<figure class=\"aligncenter\"><img decoding=\"async\" src=\"https:\/\/victorlax.net\/wp-content\/uploads\/2022\/11\/081-1.jpg\" alt=\"V&#xED;ctor Lax. Fot&#xF3;grafo de bodas en Zaragoza\" class=\"wp-image-4892\" title=\"Fot&#xF3;grafo de bodas en Zaragoza y Espa&#xF1;a. Fotograf&#xED;a art&#xED;stica, creativa y emocional. Wedding Photographer.\"\/><\/figure><\/div><div class=\"wp-block-image\">\n<figure class=\"aligncenter\"><img decoding=\"async\" src=\"https:\/\/victorlax.net\/wp-content\/uploads\/2022\/11\/092-1.jpg\" alt=\"V&#xED;ctor Lax. Fot&#xF3;grafo de bodas en Zaragoza\" class=\"wp-image-4893\" title=\"Fot&#xF3;grafo de bodas en Zaragoza y Espa&#xF1;a. Fotograf&#xED;a art&#xED;stica, creativa y emocional. Wedding Photographer.\"\/><\/figure><\/div><div class=\"wp-block-image\">\n<figure class=\"aligncenter\"><img decoding=\"async\" src=\"https:\/\/victorlax.net\/wp-content\/uploads\/2022\/11\/101-2.jpg\" alt=\"V&#xED;ctor Lax. Fot&#xF3;grafo de bodas en Zaragoza\" class=\"wp-image-4894\" title=\"Fot&#xF3;grafo de bodas en Zaragoza y Espa&#xF1;a. Fotograf&#xED;a art&#xED;stica, creativa y emocional. Wedding Photographer.\"\/><\/figure><\/div><div class=\"wp-block-image\">\n<figure class=\"aligncenter\"><img decoding=\"async\" src=\"https:\/\/victorlax.net\/wp-content\/uploads\/2022\/11\/111-2.jpg\" alt=\"V&#xED;ctor Lax. Fot&#xF3;grafo de bodas en Zaragoza\" class=\"wp-image-4895\" title=\"Fot&#xF3;grafo de bodas en Zaragoza y Espa&#xF1;a. Fotograf&#xED;a art&#xED;stica, creativa y emocional. Wedding Photographer.\"\/><\/figure><\/div><div class=\"wp-block-image\">\n<figure class=\"aligncenter\"><img decoding=\"async\" src=\"https:\/\/victorlax.net\/wp-content\/uploads\/2022\/11\/121-3.jpg\" alt=\"V&#xED;ctor Lax. Fot&#xF3;grafo de bodas en Zaragoza\" class=\"wp-image-4896\" title=\"Fot&#xF3;grafo de bodas en Zaragoza y Espa&#xF1;a. Fotograf&#xED;a art&#xED;stica, creativa y emocional. Wedding Photographer.\"\/><\/figure><\/div>\n<p>\ud83d\ude42<br\/><br\/><br\/><br\/><br\/><br\/><br\/><br\/><br\/><br\/><br\/><br\/><\/p>\n","protected":false},"excerpt":{"rendered":"<p>A Clara la conozco desde que era un ni\u00f1o. Hubo un tiempo en el que sabiamos perfectamente el uno del otro. Ambos salimos de nuestro pueblo natal a estudiar a diferentes ciudades y poco a poco empezamos a coincidir en fechas muy se\u00f1aladas. Clara se traslad\u00f3 a Francia a trabajar en una escuela de baile [&hellip;]<\/p>\n","protected":false},"author":1,"featured_media":14560,"comment_status":"closed","ping_status":"open","sticky":false,"template":"","format":"standard","meta":{"inline_featured_image":false,"footnotes":"","_links_to":"","_links_to_target":""},"categories":[770],"tags":[],"acf":[],"yoast_head":"<!-- This site is optimized with the Yoast SEO plugin v19.10 - https:\/\/yoast.com\/wordpress\/plugins\/seo\/ -->\n<title>Ciudad natal | Fotograf\u00eda embarazo | Victor Lax<\/title>\n<meta name=\"description\" content=\"Imagina volar de vuelta a tu pueblo y hacer una sesi\u00f3n de fotos para una antigua amiga que est\u00e1 embarazada. Echa un vistazo a esta sesi\u00f3n de fotos\" \/>\n<meta name=\"robots\" content=\"index, follow, max-snippet:-1, max-image-preview:large, max-video-preview:-1\" \/>\n<link rel=\"canonical\" href=\"https:\/\/victorlax.net\/es\/embarazo\/clara-tena-esperan-a-leyre\/\" \/>\n<meta property=\"og:locale\" content=\"es_ES\" \/>\n<meta property=\"og:type\" content=\"article\" \/>\n<meta property=\"og:title\" content=\"Ciudad natal | Fotograf\u00eda embarazo | Victor Lax\" \/>\n<meta property=\"og:description\" content=\"Imagina volar de vuelta a tu pueblo y hacer una sesi\u00f3n de fotos para una antigua amiga que est\u00e1 embarazada. Echa un vistazo a esta sesi\u00f3n de fotos\" \/>\n<meta property=\"og:url\" content=\"https:\/\/victorlax.net\/es\/embarazo\/clara-tena-esperan-a-leyre\/\" \/>\n<meta property=\"og:site_name\" content=\"VictorLax\" \/>\n<meta property=\"article:published_time\" content=\"2012-10-23T08:52:25+00:00\" \/>\n<meta property=\"article:modified_time\" content=\"2023-06-08T12:00:00+00:00\" \/>\n<meta property=\"og:image\" content=\"https:\/\/victorlax.net\/wp-content\/uploads\/2022\/11\/001-1.jpg\" \/>\n\t<meta property=\"og:image:width\" content=\"800\" \/>\n\t<meta property=\"og:image:height\" content=\"532\" \/>\n\t<meta property=\"og:image:type\" content=\"image\/jpeg\" \/>\n<meta name=\"author\" content=\"Superadmin\" \/>\n<meta name=\"twitter:card\" content=\"summary_large_image\" \/>\n<meta name=\"twitter:label1\" content=\"Written by\" \/>\n\t<meta name=\"twitter:data1\" content=\"Superadmin\" \/>\n\t<meta name=\"twitter:label2\" content=\"Est. reading time\" \/>\n\t<meta name=\"twitter:data2\" content=\"4 minutes\" \/>\n<!-- \/ Yoast SEO plugin. -->","yoast_head_json":{"title":"Ciudad natal | Fotograf\u00eda embarazo | Victor Lax","description":"Imagina volar de vuelta a tu pueblo y hacer una sesi\u00f3n de fotos para una antigua amiga que est\u00e1 embarazada. Echa un vistazo a esta sesi\u00f3n de fotos","robots":{"index":"index","follow":"follow","max-snippet":"max-snippet:-1","max-image-preview":"max-image-preview:large","max-video-preview":"max-video-preview:-1"},"canonical":"https:\/\/victorlax.net\/es\/embarazo\/clara-tena-esperan-a-leyre\/","og_locale":"es_ES","og_type":"article","og_title":"Ciudad natal | Fotograf\u00eda embarazo | Victor Lax","og_description":"Imagina volar de vuelta a tu pueblo y hacer una sesi\u00f3n de fotos para una antigua amiga que est\u00e1 embarazada. Echa un vistazo a esta sesi\u00f3n de fotos","og_url":"https:\/\/victorlax.net\/es\/embarazo\/clara-tena-esperan-a-leyre\/","og_site_name":"VictorLax","article_published_time":"2012-10-23T08:52:25+00:00","article_modified_time":"2023-06-08T12:00:00+00:00","og_image":[{"width":800,"height":532,"url":"https:\/\/victorlax.net\/wp-content\/uploads\/2022\/11\/001-1.jpg","type":"image\/jpeg"}],"author":"Superadmin","twitter_card":"summary_large_image","twitter_misc":{"Written by":"Superadmin","Est. reading time":"4 minutes"},"schema":{"@context":"https:\/\/schema.org","@graph":[{"@type":"WebPage","@id":"https:\/\/victorlax.net\/es\/embarazo\/clara-tena-esperan-a-leyre\/","url":"https:\/\/victorlax.net\/es\/embarazo\/clara-tena-esperan-a-leyre\/","name":"Ciudad natal | Fotograf\u00eda embarazo | Victor Lax","isPartOf":{"@id":"https:\/\/victorlax.net\/es\/#website"},"datePublished":"2012-10-23T08:52:25+00:00","dateModified":"2023-06-08T12:00:00+00:00","author":{"@id":"https:\/\/victorlax.net\/es\/#\/schema\/person\/78816daac500350703788a4da6d809a5"},"description":"Imagina volar de vuelta a tu pueblo y hacer una sesi\u00f3n de fotos para una antigua amiga que est\u00e1 embarazada. Echa un vistazo a esta sesi\u00f3n de fotos","breadcrumb":{"@id":"https:\/\/victorlax.net\/es\/embarazo\/clara-tena-esperan-a-leyre\/#breadcrumb"},"inLanguage":"es","potentialAction":[{"@type":"ReadAction","target":["https:\/\/victorlax.net\/es\/embarazo\/clara-tena-esperan-a-leyre\/"]}]},{"@type":"BreadcrumbList","@id":"https:\/\/victorlax.net\/es\/embarazo\/clara-tena-esperan-a-leyre\/#breadcrumb","itemListElement":[{"@type":"ListItem","position":1,"name":"Inicio","item":"https:\/\/victorlax.net\/es\/"},{"@type":"ListItem","position":2,"name":"Clara &#038; Tena esperan a Leyre."}]},{"@type":"WebSite","@id":"https:\/\/victorlax.net\/es\/#website","url":"https:\/\/victorlax.net\/es\/","name":"VictorLax","description":"Convertimos tu boda en una obra de arte","potentialAction":[{"@type":"SearchAction","target":{"@type":"EntryPoint","urlTemplate":"https:\/\/victorlax.net\/es\/?s={search_term_string}"},"query-input":"required name=search_term_string"}],"inLanguage":"es"},{"@type":"Person","@id":"https:\/\/victorlax.net\/es\/#\/schema\/person\/78816daac500350703788a4da6d809a5","name":"Superadmin","sameAs":["https:\/\/victorlax.net"]}]}},"_links":{"self":[{"href":"https:\/\/victorlax.net\/es\/wp-json\/wp\/v2\/posts\/14546"}],"collection":[{"href":"https:\/\/victorlax.net\/es\/wp-json\/wp\/v2\/posts"}],"about":[{"href":"https:\/\/victorlax.net\/es\/wp-json\/wp\/v2\/types\/post"}],"author":[{"embeddable":true,"href":"https:\/\/victorlax.net\/es\/wp-json\/wp\/v2\/users\/1"}],"replies":[{"embeddable":true,"href":"https:\/\/victorlax.net\/es\/wp-json\/wp\/v2\/comments?post=14546"}],"version-history":[{"count":2,"href":"https:\/\/victorlax.net\/es\/wp-json\/wp\/v2\/posts\/14546\/revisions"}],"predecessor-version":[{"id":34434,"href":"https:\/\/victorlax.net\/es\/wp-json\/wp\/v2\/posts\/14546\/revisions\/34434"}],"wp:featuredmedia":[{"embeddable":true,"href":"https:\/\/victorlax.net\/es\/wp-json\/wp\/v2\/media\/14560"}],"wp:attachment":[{"href":"https:\/\/victorlax.net\/es\/wp-json\/wp\/v2\/media?parent=14546"}],"wp:term":[{"taxonomy":"category","embeddable":true,"href":"https:\/\/victorlax.net\/es\/wp-json\/wp\/v2\/categories?post=14546"},{"taxonomy":"post_tag","embeddable":true,"href":"https:\/\/victorlax.net\/es\/wp-json\/wp\/v2\/tags?post=14546"}],"curies":[{"name":"wp","href":"https:\/\/api.w.org\/{rel}","templated":true}]}}