{"id":15095,"date":"2014-11-20T10:41:10","date_gmt":"2014-11-20T09:41:10","guid":{"rendered":"https:\/\/victorlax.net\/maria-cesar\/"},"modified":"2023-06-08T13:27:28","modified_gmt":"2023-06-08T11:27:28","slug":"maria-cesar","status":"publish","type":"post","link":"https:\/\/victorlax.net\/es\/fotografos-de-bodas\/pais-vasco\/maria-cesar\/","title":{"rendered":"Mar\u00eda &#038; C\u00e9sar"},"content":{"rendered":"<p>Mar\u00eda &amp; C\u00e9sar se casaron hace pocas semanas en una acogedora finca muy cercana a Logro\u00f1o. Pero esta historia no comienza aqu\u00ed sino varios a\u00f1os antes, mucho antes quiz\u00e1s que ellos supieran que iban a casarse. Durante a\u00f1os antes hubo un lugar que visitaron en varias ocasiones, sin duda un lugar diferente a los dem\u00e1s. Islandia.<\/p>\n<p><!--more--><\/p>\n<p>Durante las primeras reuniones me comentaron que les encantaba la idea de realizar una sesi\u00f3n de preboda en Suecia, el pa\u00eds donde vive y trabaja Cesar. No se por qu\u00e9, pero aquel d\u00eda ten\u00eda a mi lado una libreta con informaci\u00f3n sobre Islandia. C\u00e9sar lo vi\u00f3 y me dijo que ellos hab\u00edan visitado el pa\u00eds en numerosas ocasiones. Yo les coment\u00e9 que me gustar\u00eda visitarlo pronto.<\/p>\n<p>De ah\u00ed surgi\u00f3 este reportaje, de la casualidad y a la vez de la suerte. Muy pronto cambiamos Suecia por Islandia y aqu\u00ed van unas pocas fotos de aquel par de d\u00edas que pas\u00e9 junto a ellos en uno de los pa\u00edses m\u00e1s especiales y \u00fanicos que he visitado nunca.<\/p>\n<p>Mar\u00eda &amp; C\u00e9sar got married a few weeks ago at a lovely venue very close to Logro\u00f1o. However, perhaps this story began long before they knew they were going to marry. Years before there was a country that they visited several times, definitely a different country to the others that they had visited. Iceland.<\/p>\n<p>During the first meetings, they told me that they were interested in booking me to take photos of them at an engagement session in Sweden, the country that C\u00e9sar is living and working in. I don\u00b4t know why, but that day I had a little book of Iceland on the table and C\u00e9sar saw it and he told me that they had visited Iceland several times. I told them that it would be a dream of me to visit this country.<\/p>\n<p>This set of photos was born from luck. Soon we switched Sweden to Iceland and here are a few photos from those days that I was with this couple in one of the most captivating countries in the world.<\/p>\n<p><img decoding=\"async\" class=\"aligncenter wp-image-6634 size-full\" src=\"https:\/\/victorlax.net\/wp-content\/uploads\/2022\/11\/Iceland-Wedding-2.jpg\" alt=\"Spanish wedding photographer, Iceland Destination Wedding, Iceland wedding, Nikon Iceland\" width=\"800\" height=\"532\"><br \/>\n<img decoding=\"async\" class=\"aligncenter wp-image-6635 size-full\" src=\"https:\/\/victorlax.net\/wp-content\/uploads\/2022\/11\/Iceland-Wedding-3.jpg\" alt=\"Spanish wedding photographer, Iceland Destination Wedding, Iceland wedding, Nikon Iceland\" width=\"800\" height=\"532\"><br \/>\n<img decoding=\"async\" class=\"aligncenter wp-image-6636 size-full\" src=\"https:\/\/victorlax.net\/wp-content\/uploads\/2022\/11\/Iceland-Wedding-4.jpg\" alt=\"Spanish wedding photographer, Iceland Destination Wedding, Iceland wedding, Nikon Iceland\" width=\"800\" height=\"532\"><br \/>\n<img decoding=\"async\" class=\"aligncenter wp-image-6637 size-full\" src=\"https:\/\/victorlax.net\/wp-content\/uploads\/2022\/11\/Iceland-Wedding-5.jpg\" alt=\"Spanish wedding photographer, Iceland Destination Wedding, Iceland wedding, Nikon Iceland\" width=\"800\" height=\"532\"><br \/>\n<img decoding=\"async\" class=\"aligncenter wp-image-6638 size-full\" src=\"https:\/\/victorlax.net\/wp-content\/uploads\/2022\/11\/Iceland-Wedding-6.jpg\" alt=\"Spanish wedding photographer, Iceland Destination Wedding, Iceland wedding, Nikon Iceland\" width=\"800\" height=\"532\"><br \/>\n<img decoding=\"async\" class=\"aligncenter wp-image-6639 size-full\" src=\"https:\/\/victorlax.net\/wp-content\/uploads\/2022\/11\/Iceland-Wedding-7.jpg\" alt=\"Spanish wedding photographer, Iceland Destination Wedding, Iceland wedding, Nikon Iceland\" width=\"800\" height=\"532\"><br \/>\n<img decoding=\"async\" class=\"aligncenter wp-image-6640 size-full\" src=\"https:\/\/victorlax.net\/wp-content\/uploads\/2022\/11\/Iceland-Wedding-8.jpg\" alt=\"Spanish wedding photographer, Iceland Destination Wedding, Iceland wedding, Nikon Iceland\" width=\"800\" height=\"532\"><br \/>\n<img decoding=\"async\" class=\"aligncenter wp-image-6641 size-full\" src=\"https:\/\/victorlax.net\/wp-content\/uploads\/2022\/11\/Iceland-Wedding-9.jpg\" alt=\"Spanish wedding photographer, Iceland Destination Wedding, Iceland wedding, Nikon Iceland\" width=\"800\" height=\"532\"><br \/>\n<img decoding=\"async\" class=\"aligncenter wp-image-6642 size-full\" src=\"https:\/\/victorlax.net\/wp-content\/uploads\/2022\/11\/Iceland-Wedding-10.jpg\" alt=\"Spanish wedding photographer, Iceland Destination Wedding, Iceland wedding, Nikon Iceland\" width=\"800\" height=\"532\"><br \/>\n<img decoding=\"async\" class=\"aligncenter wp-image-6643 size-full\" src=\"https:\/\/victorlax.net\/wp-content\/uploads\/2022\/11\/Iceland-Wedding-11.jpg\" alt=\"Spanish wedding photographer, Iceland Destination Wedding, Iceland wedding, Nikon Iceland\" width=\"800\" height=\"532\"><\/p>\n<p>Fue genial poder rascar unos pocos d\u00edas m\u00e1s y relajarme haciendo fotos de paisale como \u00e9stas.(pincha <a href=\"https:\/\/victorlax.net\/blog-personal\/2014\/11\/islandia\/\">aqu\u00ed<\/a> si quieres ver m\u00e1s)<br \/>\nIt was amazing to have more days and take a break. I have a really big relax taking landscape photos (<a href=\"https:\/\/victorlax.net\/blog-personal\/2014\/11\/islandia\/\">Here<\/a> you can see more photos)<\/p>\n","protected":false},"excerpt":{"rendered":"<p>Mar\u00eda &amp; C\u00e9sar se casaron hace pocas semanas en una acogedora finca muy cercana a Logro\u00f1o. Pero esta historia no comienza aqu\u00ed sino varios a\u00f1os antes, mucho antes quiz\u00e1s que ellos supieran que iban a casarse. Durante a\u00f1os antes hubo un lugar que visitaron en varias ocasiones, sin duda un lugar diferente a los dem\u00e1s. [&hellip;]<\/p>\n","protected":false},"author":1,"featured_media":15107,"comment_status":"open","ping_status":"open","sticky":false,"template":"","format":"standard","meta":{"inline_featured_image":false,"footnotes":"","_links_to":"","_links_to_target":""},"categories":[736,733,752],"tags":[535,510,503],"acf":[],"yoast_head":"<!-- This site is optimized with the Yoast SEO plugin v19.10 - https:\/\/yoast.com\/wordpress\/plugins\/seo\/ -->\n<title>Mar\u00eda &amp; C\u00e9sar - Iceland photos - VictorLax<\/title>\n<meta name=\"description\" content=\"Discover our touching photoshoot of Mar\u00eda &amp; C\u00e9sar: don&#039;t miss this everlasting reflection of the love and passion that the couple emanates.\" \/>\n<meta name=\"robots\" content=\"index, follow, max-snippet:-1, max-image-preview:large, max-video-preview:-1\" \/>\n<link rel=\"canonical\" href=\"https:\/\/victorlax.net\/es\/fotografos-de-bodas\/pais-vasco\/maria-cesar\/\" \/>\n<meta property=\"og:locale\" content=\"es_ES\" \/>\n<meta property=\"og:type\" content=\"article\" \/>\n<meta property=\"og:title\" content=\"Mar\u00eda &amp; C\u00e9sar - Iceland photos - VictorLax\" \/>\n<meta property=\"og:description\" content=\"Discover our touching photoshoot of Mar\u00eda &amp; C\u00e9sar: don&#039;t miss this everlasting reflection of the love and passion that the couple emanates.\" \/>\n<meta property=\"og:url\" content=\"https:\/\/victorlax.net\/es\/fotografos-de-bodas\/pais-vasco\/maria-cesar\/\" \/>\n<meta property=\"og:site_name\" content=\"VictorLax\" \/>\n<meta property=\"article:published_time\" content=\"2014-11-20T09:41:10+00:00\" \/>\n<meta property=\"article:modified_time\" content=\"2023-06-08T11:27:28+00:00\" \/>\n<meta property=\"og:image\" content=\"https:\/\/victorlax.net\/wp-content\/uploads\/2022\/11\/Iceland-Wedding-1.jpg\" \/>\n\t<meta property=\"og:image:width\" content=\"800\" \/>\n\t<meta property=\"og:image:height\" content=\"532\" \/>\n\t<meta property=\"og:image:type\" content=\"image\/jpeg\" \/>\n<meta name=\"author\" content=\"Superadmin\" \/>\n<meta name=\"twitter:card\" content=\"summary_large_image\" \/>\n<meta name=\"twitter:label1\" content=\"Written by\" \/>\n\t<meta name=\"twitter:data1\" content=\"Superadmin\" \/>\n\t<meta name=\"twitter:label2\" content=\"Est. reading time\" \/>\n\t<meta name=\"twitter:data2\" content=\"4 minutes\" \/>\n<!-- \/ Yoast SEO plugin. -->","yoast_head_json":{"title":"Mar\u00eda & C\u00e9sar - Iceland photos - VictorLax","description":"Discover our touching photoshoot of Mar\u00eda & C\u00e9sar: don't miss this everlasting reflection of the love and passion that the couple emanates.","robots":{"index":"index","follow":"follow","max-snippet":"max-snippet:-1","max-image-preview":"max-image-preview:large","max-video-preview":"max-video-preview:-1"},"canonical":"https:\/\/victorlax.net\/es\/fotografos-de-bodas\/pais-vasco\/maria-cesar\/","og_locale":"es_ES","og_type":"article","og_title":"Mar\u00eda & C\u00e9sar - Iceland photos - VictorLax","og_description":"Discover our touching photoshoot of Mar\u00eda & C\u00e9sar: don't miss this everlasting reflection of the love and passion that the couple emanates.","og_url":"https:\/\/victorlax.net\/es\/fotografos-de-bodas\/pais-vasco\/maria-cesar\/","og_site_name":"VictorLax","article_published_time":"2014-11-20T09:41:10+00:00","article_modified_time":"2023-06-08T11:27:28+00:00","og_image":[{"width":800,"height":532,"url":"https:\/\/victorlax.net\/wp-content\/uploads\/2022\/11\/Iceland-Wedding-1.jpg","type":"image\/jpeg"}],"author":"Superadmin","twitter_card":"summary_large_image","twitter_misc":{"Written by":"Superadmin","Est. reading time":"4 minutes"},"schema":{"@context":"https:\/\/schema.org","@graph":[{"@type":"WebPage","@id":"https:\/\/victorlax.net\/es\/fotografos-de-bodas\/pais-vasco\/maria-cesar\/","url":"https:\/\/victorlax.net\/es\/fotografos-de-bodas\/pais-vasco\/maria-cesar\/","name":"Mar\u00eda & C\u00e9sar - Iceland photos - VictorLax","isPartOf":{"@id":"https:\/\/victorlax.net\/es\/#website"},"datePublished":"2014-11-20T09:41:10+00:00","dateModified":"2023-06-08T11:27:28+00:00","author":{"@id":"https:\/\/victorlax.net\/es\/#\/schema\/person\/78816daac500350703788a4da6d809a5"},"description":"Discover our touching photoshoot of Mar\u00eda & C\u00e9sar: don't miss this everlasting reflection of the love and passion that the couple emanates.","breadcrumb":{"@id":"https:\/\/victorlax.net\/es\/fotografos-de-bodas\/pais-vasco\/maria-cesar\/#breadcrumb"},"inLanguage":"es","potentialAction":[{"@type":"ReadAction","target":["https:\/\/victorlax.net\/es\/fotografos-de-bodas\/pais-vasco\/maria-cesar\/"]}]},{"@type":"BreadcrumbList","@id":"https:\/\/victorlax.net\/es\/fotografos-de-bodas\/pais-vasco\/maria-cesar\/#breadcrumb","itemListElement":[{"@type":"ListItem","position":1,"name":"Inicio","item":"https:\/\/victorlax.net\/es\/"},{"@type":"ListItem","position":2,"name":"Mar\u00eda &#038; C\u00e9sar"}]},{"@type":"WebSite","@id":"https:\/\/victorlax.net\/es\/#website","url":"https:\/\/victorlax.net\/es\/","name":"VictorLax","description":"Convertimos tu boda en una obra de arte","potentialAction":[{"@type":"SearchAction","target":{"@type":"EntryPoint","urlTemplate":"https:\/\/victorlax.net\/es\/?s={search_term_string}"},"query-input":"required name=search_term_string"}],"inLanguage":"es"},{"@type":"Person","@id":"https:\/\/victorlax.net\/es\/#\/schema\/person\/78816daac500350703788a4da6d809a5","name":"Superadmin","sameAs":["https:\/\/victorlax.net"]}]}},"_links":{"self":[{"href":"https:\/\/victorlax.net\/es\/wp-json\/wp\/v2\/posts\/15095"}],"collection":[{"href":"https:\/\/victorlax.net\/es\/wp-json\/wp\/v2\/posts"}],"about":[{"href":"https:\/\/victorlax.net\/es\/wp-json\/wp\/v2\/types\/post"}],"author":[{"embeddable":true,"href":"https:\/\/victorlax.net\/es\/wp-json\/wp\/v2\/users\/1"}],"replies":[{"embeddable":true,"href":"https:\/\/victorlax.net\/es\/wp-json\/wp\/v2\/comments?post=15095"}],"version-history":[{"count":1,"href":"https:\/\/victorlax.net\/es\/wp-json\/wp\/v2\/posts\/15095\/revisions"}],"predecessor-version":[{"id":29124,"href":"https:\/\/victorlax.net\/es\/wp-json\/wp\/v2\/posts\/15095\/revisions\/29124"}],"wp:featuredmedia":[{"embeddable":true,"href":"https:\/\/victorlax.net\/es\/wp-json\/wp\/v2\/media\/15107"}],"wp:attachment":[{"href":"https:\/\/victorlax.net\/es\/wp-json\/wp\/v2\/media?parent=15095"}],"wp:term":[{"taxonomy":"category","embeddable":true,"href":"https:\/\/victorlax.net\/es\/wp-json\/wp\/v2\/categories?post=15095"},{"taxonomy":"post_tag","embeddable":true,"href":"https:\/\/victorlax.net\/es\/wp-json\/wp\/v2\/tags?post=15095"}],"curies":[{"name":"wp","href":"https:\/\/api.w.org\/{rel}","templated":true}]}}