{"id":16651,"date":"2016-07-26T07:12:19","date_gmt":"2016-07-26T05:12:19","guid":{"rendered":"https:\/\/victorlax.net\/arantza-julian-palacio-de-san-joseren-boda-en-getxo-2\/"},"modified":"2023-06-08T13:27:07","modified_gmt":"2023-06-08T11:27:07","slug":"arantza-y-julian-palacio-de-san-joseren-boda-en-getxo","status":"publish","type":"post","link":"https:\/\/victorlax.net\/es\/fotografos-de-bodas\/pais-vasco\/arantza-y-julian-palacio-de-san-joseren-boda-en-getxo\/","title":{"rendered":"Arantza &#038; Juli\u00e1n | Palacio de San Joseren | Boda en Getxo"},"content":{"rendered":"<p>Me encanta esta temporada de bodas. Sin duda es una de las m\u00e1s intensas de toda mi carrera como fot\u00f3grafo de bodas. A pesar de tener en ocasiones la sensaci\u00f3n que uno vive en la carretera resulta realmente gratificante e inspirador conocer nuevas <a href=\"https:\/\/victorlax.net\/wedding-photographers\/mallorca\/vaea-fred-castell-son-claret-mallorca-wedding\/\">parejas <\/a> y lugares realmente <a href=\"https:\/\/victorlax.net\/wedding-photographers\/formentera\/madelon-dennis-cala-saona-hotel-10punto7-beach-club-formentera-wedding\/\">encantadores<\/a>.<\/p>\n<p><!--more--><\/p>\n<p>Mi pr\u00f3xima historia ocurri\u00f3 en Getxo , una de los rincones m\u00e1s bonitos del Pais Vasco y el lugar de la boda fue el Palacio de San Joseren, un lugar incre\u00edble.<\/p>\n<p>Arantza &amp; Juli\u00e1n celebraron su boda en Santa Mar\u00eda de Portugalete, un lugar encantador en el coraz\u00f3n de la ciudad con unas vistas magn\u00edficas a toda la r\u00eda y puente colgante. Aurresku, lluvia de arroz y todo el mundo a disfrutar por todo lo alto en primero en los jardines del Palacio de San Joseren y m\u00e1s tarde a los diferentes salones del Palacio.<\/p>\n<p>Esta boda fue realmente especial para m\u00ed, adem\u00e1s de poder disfrutar de esta pareja al m\u00e1ximo durante todo el d\u00eda, pude volver a encontrarme de nuevo con <a href=\"https:\/\/victorlax.net\/blog\/\">parejas<\/a> que hac\u00eda poco tiempo que hab\u00eda fotografiado.<\/p>\n<p>Arantza vivi\u00f3 por todo lo alto su boda, estaba realmente preciosa, me encant\u00f3 el vestido que la atelier Alicia Rueda hab\u00eda dise\u00f1ado especialmente para ella.<\/p>\n<p>Me encanta el norte<\/p>\n<p>Fotos: V\u00edctor Lax<br \/>\nPedro Anguila<\/p>\n<p>I love this wedding season. It\u00b4s early to make a balance of the year, but now, in the middle of the session, I can say that is one of the best years in my career as a wedding photographer. Sometimes It\u00b4s hard to spend a lot of time on the road, but It\u00b4s wonderful to photograph <a href=\"https:\/\/victorlax.net\/wedding-photographers\/mallorca\/vaea-fred-castell-son-claret-mallorca-wedding\/\">weddings<\/a> in many different places with different cultures because it\u00b4s easier to find <a href=\"https:\/\/victorlax.net\/wedding-photographers\/formentera\/madelon-dennis-cala-saona-hotel-10punto7-beach-club-formentera-wedding\/\">inspiration<\/a>.<\/p>\n<p>My next story happened in Getxo, one of the coolest cities in the north of Spain and the wedding venue was the San Joseren Palace, an incredible place.<\/p>\n<p>Arantza &amp; Julian celebrated their wedding in Santa Mar\u00eda de Portugalete, a charming place in the center of the town. After everybody went to the San Joseren Palace to enjoy at maximum in the gardens and in the palace\u00b4s main room,a place where I captured the most intense moments of the wedding day.<\/p>\n<p>This wedding was really special for me, I could enjoy at maximum with this couple during all the day, also It was great to meet again <a href=\"https:\/\/victorlax.net\/blog\/\">couple of friends<\/a> that I photographed a few years ago.<\/p>\n<p>Arantza didn\u00b4t stop smiling all the time, she was beautiful with her Alicia Rueda\u00b4s wedding dress, and gave off magic too.<\/p>\n<p>I love the north<\/p>\n<p>Photos: V\u00edctor Lax<br \/>\nPedro Anguila<\/p>\n<p><a href=\"https:\/\/victorlax.net\/wp-content\/uploads\/2022\/11\/01-1-1.jpg\"><img decoding=\"async\" class=\"aligncenter wp-image-7621 size-full\" src=\"https:\/\/victorlax.net\/wp-content\/uploads\/2022\/11\/01-1-1.jpg\" alt=\"Boda en Getxo, Palacio de San Joseren, Getxo, Palacio de San Joseren Getxo, Arantza y Juli\u00e1n en Palacio de San Joseren, Spain wedding photographer, Spanish wedding photographer, Basque country wedding photographer, Fot\u00f3grafo de bodas en el Pa\u00eds Vasco, Fotograf\u00eda de bodas en el Pa\u00eds Vasco, Fot\u00f3grafo de bodas en Getxo, Best Spain wedding photographer, Victor Lax\" width=\"800\" height=\"532\"><\/a><\/p>\n<p><a href=\"https:\/\/victorlax.net\/wp-content\/uploads\/2022\/11\/02-2-1.jpg\"><img decoding=\"async\" class=\"aligncenter wp-image-7622 size-full\" src=\"https:\/\/victorlax.net\/wp-content\/uploads\/2022\/11\/02-2-1.jpg\" alt=\"Boda en Getxo, Palacio de San Joseren, Getxo, Palacio de San Joseren Getxo, Arantza y Juli\u00e1n en Palacio de San Joseren, Spain wedding photographer, Spanish wedding photographer, Basque country wedding photographer, Fot\u00f3grafo de bodas en el Pa\u00eds Vasco, Fotograf\u00eda de bodas en el Pa\u00eds Vasco, Fot\u00f3grafo de bodas en Getxo, Best Spain wedding photographer, Victor Lax\" width=\"800\" height=\"532\"><\/a><\/p>\n<p><a href=\"https:\/\/victorlax.net\/wp-content\/uploads\/2022\/11\/03-1-1.jpg\"><img decoding=\"async\" class=\"aligncenter wp-image-7623 size-full\" src=\"https:\/\/victorlax.net\/wp-content\/uploads\/2022\/11\/03-1-1.jpg\" alt=\"Boda en Getxo, Palacio de San Joseren, Getxo, Palacio de San Joseren Getxo, Arantza y Juli\u00e1n en Palacio de San Joseren, Spain wedding photographer, Spanish wedding photographer, Basque country wedding photographer, Fot\u00f3grafo de bodas en el Pa\u00eds Vasco, Fotograf\u00eda de bodas en el Pa\u00eds Vasco, Fot\u00f3grafo de bodas en Getxo, Best Spain wedding photographer, Victor Lax\" width=\"800\" height=\"532\"><\/a><\/p>\n<p><a href=\"https:\/\/victorlax.net\/wp-content\/uploads\/2022\/11\/04-1-1.jpg\"><img decoding=\"async\" class=\"aligncenter wp-image-7624 size-full\" src=\"https:\/\/victorlax.net\/wp-content\/uploads\/2022\/11\/04-1-1.jpg\" alt=\"Boda en Getxo, Palacio de San Joseren, Getxo, Palacio de San Joseren Getxo, Arantza y Juli\u00e1n en Palacio de San Joseren, Spain wedding photographer, Spanish wedding photographer, Basque country wedding photographer, Fot\u00f3grafo de bodas en el Pa\u00eds Vasco, Fotograf\u00eda de bodas en el Pa\u00eds Vasco, Fot\u00f3grafo de bodas en Getxo, Best Spain wedding photographer, Victor Lax\" width=\"800\" height=\"532\"><\/a><\/p>\n<p><a href=\"https:\/\/victorlax.net\/wp-content\/uploads\/2022\/11\/06-1-1.jpg\"><img decoding=\"async\" class=\"aligncenter wp-image-7625 size-full\" src=\"https:\/\/victorlax.net\/wp-content\/uploads\/2022\/11\/06-1-1.jpg\" alt=\"Boda en Getxo, Palacio de San Joseren, Getxo, Palacio de San Joseren Getxo, Arantza y Juli\u00e1n en Palacio de San Joseren, Spain wedding photographer, Spanish wedding photographer, Basque country wedding photographer, Fot\u00f3grafo de bodas en el Pa\u00eds Vasco, Fotograf\u00eda de bodas en el Pa\u00eds Vasco, Fot\u00f3grafo de bodas en Getxo, Best Spain wedding photographer, Victor Lax\" width=\"800\" height=\"532\"><\/a><\/p>\n<p><a href=\"https:\/\/victorlax.net\/wp-content\/uploads\/2022\/11\/07-1-1.jpg\"><img decoding=\"async\" class=\"aligncenter wp-image-7626 size-full\" src=\"https:\/\/victorlax.net\/wp-content\/uploads\/2022\/11\/07-1-1.jpg\" alt=\"Boda en Getxo, Palacio de San Joseren, Getxo, Palacio de San Joseren Getxo, Arantza y Juli\u00e1n en Palacio de San Joseren, Spain wedding photographer, Spanish wedding photographer, Basque country wedding photographer, Fot\u00f3grafo de bodas en el Pa\u00eds Vasco, Fotograf\u00eda de bodas en el Pa\u00eds Vasco, Fot\u00f3grafo de bodas en Getxo, Best Spain wedding photographer, Victor Lax\" width=\"800\" height=\"532\"><\/a><\/p>\n<p><a href=\"https:\/\/victorlax.net\/wp-content\/uploads\/2022\/11\/08-1-2.jpg\"><img decoding=\"async\" class=\"aligncenter wp-image-7627 size-full\" src=\"https:\/\/victorlax.net\/wp-content\/uploads\/2022\/11\/08-1-2.jpg\" alt=\"Boda en Getxo, Palacio de San Joseren, Getxo, Palacio de San Joseren Getxo, Arantza y Juli\u00e1n en Palacio de San Joseren, Spain wedding photographer, Spanish wedding photographer, Basque country wedding photographer, Fot\u00f3grafo de bodas en el Pa\u00eds Vasco, Fotograf\u00eda de bodas en el Pa\u00eds Vasco, Fot\u00f3grafo de bodas en Getxo, Best Spain wedding photographer, Victor Lax\" width=\"800\" height=\"532\"><\/a><\/p>\n<p><a href=\"https:\/\/victorlax.net\/wp-content\/uploads\/2022\/11\/09-1-1.jpg\"><img decoding=\"async\" class=\"aligncenter wp-image-7628 size-full\" src=\"https:\/\/victorlax.net\/wp-content\/uploads\/2022\/11\/09-1-1.jpg\" alt=\"Boda en Getxo, Palacio de San Joseren, Getxo, Palacio de San Joseren Getxo, Arantza y Juli\u00e1n en Palacio de San Joseren, Spain wedding photographer, Spanish wedding photographer, Basque country wedding photographer, Fot\u00f3grafo de bodas en el Pa\u00eds Vasco, Fotograf\u00eda de bodas en el Pa\u00eds Vasco, Fot\u00f3grafo de bodas en Getxo, Best Spain wedding photographer, Victor Lax\" width=\"800\" height=\"532\"><\/a><\/p>\n<p><a href=\"https:\/\/victorlax.net\/wp-content\/uploads\/2022\/11\/10-1-1.jpg\"><img decoding=\"async\" class=\"aligncenter wp-image-7629 size-full\" src=\"https:\/\/victorlax.net\/wp-content\/uploads\/2022\/11\/10-1-1.jpg\" alt=\"Boda en Getxo, Palacio de San Joseren, Getxo, Palacio de San Joseren Getxo, Arantza y Juli\u00e1n en Palacio de San Joseren, Spain wedding photographer, Spanish wedding photographer, Basque country wedding photographer, Fot\u00f3grafo de bodas en el Pa\u00eds Vasco, Fotograf\u00eda de bodas en el Pa\u00eds Vasco, Fot\u00f3grafo de bodas en Getxo, Best Spain wedding photographer, Victor Lax\" width=\"800\" height=\"532\"><\/a><\/p>\n<p><a href=\"https:\/\/victorlax.net\/wp-content\/uploads\/2022\/11\/11-1-1.jpg\"><img decoding=\"async\" class=\"aligncenter wp-image-7630 size-full\" src=\"https:\/\/victorlax.net\/wp-content\/uploads\/2022\/11\/11-1-1.jpg\" alt=\"Boda en Getxo, Palacio de San Joseren, Getxo, Palacio de San Joseren Getxo, Arantza y Juli\u00e1n en Palacio de San Joseren, Spain wedding photographer, Spanish wedding photographer, Basque country wedding photographer, Fot\u00f3grafo de bodas en el Pa\u00eds Vasco, Fotograf\u00eda de bodas en el Pa\u00eds Vasco, Fot\u00f3grafo de bodas en Getxo, Best Spain wedding photographer, Victor Lax\" width=\"800\" height=\"532\"><\/a><\/p>\n<p><a href=\"https:\/\/victorlax.net\/wp-content\/uploads\/2022\/11\/12-1-1.jpg\"><img decoding=\"async\" class=\"aligncenter wp-image-7631 size-full\" src=\"https:\/\/victorlax.net\/wp-content\/uploads\/2022\/11\/12-1-1.jpg\" alt=\"Boda en Getxo, Palacio de San Joseren, Getxo, Palacio de San Joseren Getxo, Arantza y Juli\u00e1n en Palacio de San Joseren, Spain wedding photographer, Spanish wedding photographer, Basque country wedding photographer, Fot\u00f3grafo de bodas en el Pa\u00eds Vasco, Fotograf\u00eda de bodas en el Pa\u00eds Vasco, Fot\u00f3grafo de bodas en Getxo, Best Spain wedding photographer, Victor Lax\" width=\"800\" height=\"532\"><\/a><\/p>\n<p><a href=\"https:\/\/victorlax.net\/wp-content\/uploads\/2022\/11\/13-11.jpg\"><img decoding=\"async\" class=\"aligncenter wp-image-7632 size-full\" src=\"https:\/\/victorlax.net\/wp-content\/uploads\/2022\/11\/13-11.jpg\" alt=\"Boda en Getxo, Palacio de San Joseren, Getxo, Palacio de San Joseren Getxo, Arantza y Juli\u00e1n en Palacio de San Joseren, Spain wedding photographer, Spanish wedding photographer, Basque country wedding photographer, Fot\u00f3grafo de bodas en el Pa\u00eds Vasco, Fotograf\u00eda de bodas en el Pa\u00eds Vasco, Fot\u00f3grafo de bodas en Getxo, Best Spain wedding photographer, Victor Lax\" width=\"800\" height=\"532\"><\/a><\/p>\n<p><a href=\"https:\/\/victorlax.net\/wp-content\/uploads\/2022\/11\/14-1-1.jpg\"><img decoding=\"async\" class=\"aligncenter wp-image-7633 size-full\" src=\"https:\/\/victorlax.net\/wp-content\/uploads\/2022\/11\/14-1-1.jpg\" alt=\"Boda en Getxo, Palacio de San Joseren, Getxo, Palacio de San Joseren Getxo, Arantza y Juli\u00e1n en Palacio de San Joseren, Spain wedding photographer, Spanish wedding photographer, Basque country wedding photographer, Fot\u00f3grafo de bodas en el Pa\u00eds Vasco, Fotograf\u00eda de bodas en el Pa\u00eds Vasco, Fot\u00f3grafo de bodas en Getxo, Best Spain wedding photographer, Victor Lax\" width=\"800\" height=\"532\"><\/a><\/p>\n<p><a href=\"https:\/\/victorlax.net\/wp-content\/uploads\/2022\/11\/15-1-1.jpg\"><img decoding=\"async\" class=\"aligncenter wp-image-7634 size-full\" src=\"https:\/\/victorlax.net\/wp-content\/uploads\/2022\/11\/15-1-1.jpg\" alt=\"Boda en Getxo, Palacio de San Joseren, Getxo, Palacio de San Joseren Getxo, Arantza y Juli\u00e1n en Palacio de San Joseren, Spain wedding photographer, Spanish wedding photographer, Basque country wedding photographer, Fot\u00f3grafo de bodas en el Pa\u00eds Vasco, Fotograf\u00eda de bodas en el Pa\u00eds Vasco, Fot\u00f3grafo de bodas en Getxo, Best Spain wedding photographer, Victor Lax\" width=\"800\" height=\"532\"><\/a><\/p>\n<p><a href=\"https:\/\/victorlax.net\/wp-content\/uploads\/2022\/11\/16-1-1.jpg\"><img decoding=\"async\" class=\"aligncenter wp-image-7635 size-full\" src=\"https:\/\/victorlax.net\/wp-content\/uploads\/2022\/11\/16-1-1.jpg\" alt=\"Boda en Getxo, Palacio de San Joseren, Getxo, Palacio de San Joseren Getxo, Arantza y Juli\u00e1n en Palacio de San Joseren, Spain wedding photographer, Spanish wedding photographer, Basque country wedding photographer, Fot\u00f3grafo de bodas en el Pa\u00eds Vasco, Fotograf\u00eda de bodas en el Pa\u00eds Vasco, Fot\u00f3grafo de bodas en Getxo, Best Spain wedding photographer, Victor Lax\" width=\"800\" height=\"532\"><\/a><\/p>\n<p><a href=\"https:\/\/victorlax.net\/wp-content\/uploads\/2022\/11\/17-1-1.jpg\"><img decoding=\"async\" class=\"aligncenter wp-image-7636 size-full\" src=\"https:\/\/victorlax.net\/wp-content\/uploads\/2022\/11\/17-1-1.jpg\" alt=\"Boda en Getxo, Palacio de San Joseren, Getxo, Palacio de San Joseren Getxo, Arantza y Juli\u00e1n en Palacio de San Joseren, Spain wedding photographer, Spanish wedding photographer, Basque country wedding photographer, Fot\u00f3grafo de bodas en el Pa\u00eds Vasco, Fotograf\u00eda de bodas en el Pa\u00eds Vasco, Fot\u00f3grafo de bodas en Getxo, Best Spain wedding photographer, Victor Lax\" width=\"800\" height=\"532\"><\/a><\/p>\n<p><a href=\"https:\/\/victorlax.net\/wp-content\/uploads\/2022\/11\/18-1-1.jpg\"><img decoding=\"async\" class=\"aligncenter wp-image-7637 size-full\" src=\"https:\/\/victorlax.net\/wp-content\/uploads\/2022\/11\/18-1-1.jpg\" alt=\"Boda en Getxo, Palacio de San Joseren, Getxo, Palacio de San Joseren Getxo, Arantza y Juli\u00e1n en Palacio de San Joseren, Spain wedding photographer, Spanish wedding photographer, Basque country wedding photographer, Fot\u00f3grafo de bodas en el Pa\u00eds Vasco, Fotograf\u00eda de bodas en el Pa\u00eds Vasco, Fot\u00f3grafo de bodas en Getxo, Best Spain wedding photographer, Victor Lax\" width=\"800\" height=\"532\"><\/a><\/p>\n<p><a href=\"https:\/\/victorlax.net\/wp-content\/uploads\/2022\/11\/19-1-1.jpg\"><img decoding=\"async\" class=\"aligncenter wp-image-7638 size-full\" src=\"https:\/\/victorlax.net\/wp-content\/uploads\/2022\/11\/19-1-1.jpg\" alt=\"Boda en Getxo, Palacio de San Joseren, Getxo, Palacio de San Joseren Getxo, Arantza y Juli\u00e1n en Palacio de San Joseren, Spain wedding photographer, Spanish wedding photographer, Basque country wedding photographer, Fot\u00f3grafo de bodas en el Pa\u00eds Vasco, Fotograf\u00eda de bodas en el Pa\u00eds Vasco, Fot\u00f3grafo de bodas en Getxo, Best Spain wedding photographer, Victor Lax\" width=\"800\" height=\"532\"><\/a><\/p>\n<p><a href=\"https:\/\/victorlax.net\/wp-content\/uploads\/2022\/11\/20-1-1.jpg\"><img decoding=\"async\" class=\"aligncenter wp-image-7639 size-full\" src=\"https:\/\/victorlax.net\/wp-content\/uploads\/2022\/11\/20-1-1.jpg\" alt=\"Boda en Getxo, Palacio de San Joseren, Getxo, Palacio de San Joseren Getxo, Arantza y Juli\u00e1n en Palacio de San Joseren, Spain wedding photographer, Spanish wedding photographer, Basque country wedding photographer, Fot\u00f3grafo de bodas en el Pa\u00eds Vasco, Fotograf\u00eda de bodas en el Pa\u00eds Vasco, Fot\u00f3grafo de bodas en Getxo, Best Spain wedding photographer, Victor Lax\" width=\"800\" height=\"532\"><\/a><\/p>\n<p><a href=\"https:\/\/victorlax.net\/wp-content\/uploads\/2022\/11\/21-1-1.jpg\"><img decoding=\"async\" class=\"aligncenter wp-image-7640 size-full\" src=\"https:\/\/victorlax.net\/wp-content\/uploads\/2022\/11\/21-1-1.jpg\" alt=\"Boda en Getxo, Palacio de San Joseren, Getxo, Palacio de San Joseren Getxo, Arantza y Juli\u00e1n en Palacio de San Joseren, Spain wedding photographer, Spanish wedding photographer, Basque country wedding photographer, Fot\u00f3grafo de bodas en el Pa\u00eds Vasco, Fotograf\u00eda de bodas en el Pa\u00eds Vasco, Fot\u00f3grafo de bodas en Getxo, Best Spain wedding photographer, Victor Lax\" width=\"800\" height=\"532\"><\/a><\/p>\n<p><a href=\"https:\/\/victorlax.net\/wp-content\/uploads\/2022\/11\/22-1-1.jpg\"><img decoding=\"async\" class=\"aligncenter wp-image-7641 size-full\" src=\"https:\/\/victorlax.net\/wp-content\/uploads\/2022\/11\/22-1-1.jpg\" alt=\"Boda en Getxo, Palacio de San Joseren, Getxo, Palacio de San Joseren Getxo, Arantza y Juli\u00e1n en Palacio de San Joseren, Spain wedding photographer, Spanish wedding photographer, Basque country wedding photographer, Fot\u00f3grafo de bodas en el Pa\u00eds Vasco, Fotograf\u00eda de bodas en el Pa\u00eds Vasco, Fot\u00f3grafo de bodas en Getxo, Best Spain wedding photographer, Victor Lax\" width=\"800\" height=\"532\"><\/a><\/p>\n<p><a href=\"https:\/\/victorlax.net\/wp-content\/uploads\/2022\/11\/23-1-1.jpg\"><img decoding=\"async\" class=\"aligncenter wp-image-7642 size-full\" src=\"https:\/\/victorlax.net\/wp-content\/uploads\/2022\/11\/23-1-1.jpg\" alt=\"Boda en Getxo, Palacio de San Joseren, Getxo, Palacio de San Joseren Getxo, Arantza y Juli\u00e1n en Palacio de San Joseren, Spain wedding photographer, Spanish wedding photographer, Basque country wedding photographer, Fot\u00f3grafo de bodas en el Pa\u00eds Vasco, Fotograf\u00eda de bodas en el Pa\u00eds Vasco, Fot\u00f3grafo de bodas en Getxo, Best Spain wedding photographer, Victor Lax\" width=\"800\" height=\"532\"><\/a><\/p>\n<p><a href=\"https:\/\/victorlax.net\/wp-content\/uploads\/2022\/11\/24-1-1.jpg\"><img decoding=\"async\" class=\"aligncenter wp-image-7643 size-full\" src=\"https:\/\/victorlax.net\/wp-content\/uploads\/2022\/11\/24-1-1.jpg\" alt=\"Boda en Getxo, Palacio de San Joseren, Getxo, Palacio de San Joseren Getxo, Arantza y Juli\u00e1n en Palacio de San Joseren, Spain wedding photographer, Spanish wedding photographer, Basque country wedding photographer, Fot\u00f3grafo de bodas en el Pa\u00eds Vasco, Fotograf\u00eda de bodas en el Pa\u00eds Vasco, Fot\u00f3grafo de bodas en Getxo, Best Spain wedding photographer, Victor Lax\" width=\"800\" height=\"532\"><\/a><\/p>\n<p><a href=\"https:\/\/victorlax.net\/wp-content\/uploads\/2022\/11\/25-1-1.jpg\"><img decoding=\"async\" class=\"aligncenter wp-image-7644 size-full\" src=\"https:\/\/victorlax.net\/wp-content\/uploads\/2022\/11\/25-1-1.jpg\" alt=\"Boda en Getxo, Palacio de San Joseren, Getxo, Palacio de San Joseren Getxo, Arantza y Juli\u00e1n en Palacio de San Joseren, Spain wedding photographer, Spanish wedding photographer, Basque country wedding photographer, Fot\u00f3grafo de bodas en el Pa\u00eds Vasco, Fotograf\u00eda de bodas en el Pa\u00eds Vasco, Fot\u00f3grafo de bodas en Getxo, Best Spain wedding photographer, Victor Lax\" width=\"800\" height=\"532\"><\/a><\/p>\n<p><a href=\"https:\/\/victorlax.net\/wp-content\/uploads\/2022\/11\/26-1-1.jpg\"><img decoding=\"async\" class=\"aligncenter wp-image-7645 size-full\" src=\"https:\/\/victorlax.net\/wp-content\/uploads\/2022\/11\/26-1-1.jpg\" alt=\"Boda en Getxo, Palacio de San Joseren, Getxo, Palacio de San Joseren Getxo, Arantza y Juli\u00e1n en Palacio de San Joseren, Spain wedding photographer, Spanish wedding photographer, Basque country wedding photographer, Fot\u00f3grafo de bodas en el Pa\u00eds Vasco, Fotograf\u00eda de bodas en el Pa\u00eds Vasco, Fot\u00f3grafo de bodas en Getxo, Best Spain wedding photographer, Victor Lax\" width=\"800\" height=\"532\"><\/a><\/p>\n<p><a href=\"https:\/\/victorlax.net\/wp-content\/uploads\/2022\/11\/27-1-1.jpg\"><img decoding=\"async\" class=\"aligncenter wp-image-7646 size-full\" src=\"https:\/\/victorlax.net\/wp-content\/uploads\/2022\/11\/27-1-1.jpg\" alt=\"Boda en Getxo, Palacio de San Joseren, Getxo, Palacio de San Joseren Getxo, Arantza y Juli\u00e1n en Palacio de San Joseren, Spain wedding photographer, Spanish wedding photographer, Basque country wedding photographer, Fot\u00f3grafo de bodas en el Pa\u00eds Vasco, Fotograf\u00eda de bodas en el Pa\u00eds Vasco, Fot\u00f3grafo de bodas en Getxo, Best Spain wedding photographer, Victor Lax\" width=\"800\" height=\"532\"><\/a><\/p>\n<p><a href=\"https:\/\/victorlax.net\/wp-content\/uploads\/2022\/11\/28-1-1.jpg\"><img decoding=\"async\" class=\"aligncenter wp-image-7647 size-full\" src=\"https:\/\/victorlax.net\/wp-content\/uploads\/2022\/11\/28-1-1.jpg\" alt=\"Boda en Getxo, Palacio de San Joseren, Getxo, Palacio de San Joseren Getxo, Arantza y Juli\u00e1n en Palacio de San Joseren, Spain wedding photographer, Spanish wedding photographer, Basque country wedding photographer, Fot\u00f3grafo de bodas en el Pa\u00eds Vasco, Fotograf\u00eda de bodas en el Pa\u00eds Vasco, Fot\u00f3grafo de bodas en Getxo, Best Spain wedding photographer, Victor Lax\" width=\"800\" height=\"532\"><\/a><\/p>\n<p><a href=\"https:\/\/victorlax.net\/wp-content\/uploads\/2022\/11\/29-1-1.jpg\"><img decoding=\"async\" class=\"aligncenter wp-image-7648 size-full\" src=\"https:\/\/victorlax.net\/wp-content\/uploads\/2022\/11\/29-1-1.jpg\" alt=\"Boda en Getxo, Palacio de San Joseren, Getxo, Palacio de San Joseren Getxo, Arantza y Juli\u00e1n en Palacio de San Joseren, Spain wedding photographer, Spanish wedding photographer, Basque country wedding photographer, Fot\u00f3grafo de bodas en el Pa\u00eds Vasco, Fotograf\u00eda de bodas en el Pa\u00eds Vasco, Fot\u00f3grafo de bodas en Getxo, Best Spain wedding photographer, Victor Lax\" width=\"800\" height=\"532\"><\/a><\/p>\n<p><a href=\"https:\/\/victorlax.net\/wp-content\/uploads\/2022\/11\/30-5.jpg\"><img decoding=\"async\" class=\"aligncenter wp-image-7649 size-full\" src=\"https:\/\/victorlax.net\/wp-content\/uploads\/2022\/11\/30-5.jpg\" alt=\"Boda en Getxo, Palacio de San Joseren, Getxo, Palacio de San Joseren Getxo, Arantza y Juli\u00e1n en Palacio de San Joseren, Spain wedding photographer, Spanish wedding photographer, Basque country wedding photographer, Fot\u00f3grafo de bodas en el Pa\u00eds Vasco, Fotograf\u00eda de bodas en el Pa\u00eds Vasco, Fot\u00f3grafo de bodas en Getxo, Best Spain wedding photographer, Victor Lax\" width=\"800\" height=\"532\"><\/a><\/p>\n","protected":false},"excerpt":{"rendered":"<p>Me encanta esta temporada de bodas. Sin duda es una de las m\u00e1s intensas de toda mi carrera como fot\u00f3grafo de bodas. A pesar de tener en ocasiones la sensaci\u00f3n que uno vive en la carretera resulta realmente gratificante e inspirador conocer nuevas parejas y lugares realmente encantadores.<\/p>\n","protected":false},"author":1,"featured_media":15594,"comment_status":"open","ping_status":"open","sticky":false,"template":"","format":"standard","meta":{"inline_featured_image":false,"footnotes":"","_links_to":"","_links_to_target":""},"categories":[736,733],"tags":[483,503],"acf":[],"yoast_head":"<!-- This site is optimized with the Yoast SEO plugin v19.10 - https:\/\/yoast.com\/wordpress\/plugins\/seo\/ -->\n<title>Arantza y Juli\u00e1n | Palacio San Joseren | Boda en Getxo<\/title>\n<meta name=\"description\" content=\"Descubre nuestra sesi\u00f3n de fotos de boda en Getxo con Arantza y Juli\u00e1n. No te pierdas este enlace y de los espectaculares paisajes del norte de Espa\u00f1a.\" \/>\n<meta name=\"robots\" content=\"index, follow, max-snippet:-1, max-image-preview:large, max-video-preview:-1\" \/>\n<link rel=\"canonical\" href=\"https:\/\/victorlax.net\/es\/fotografos-de-bodas\/pais-vasco\/arantza-y-julian-palacio-de-san-joseren-boda-en-getxo\/\" \/>\n<meta property=\"og:locale\" content=\"es_ES\" \/>\n<meta property=\"og:type\" content=\"article\" \/>\n<meta property=\"og:title\" content=\"Arantza y Juli\u00e1n | Palacio San Joseren | Boda en Getxo\" \/>\n<meta property=\"og:description\" content=\"Descubre nuestra sesi\u00f3n de fotos de boda en Getxo con Arantza y Juli\u00e1n. No te pierdas este enlace y de los espectaculares paisajes del norte de Espa\u00f1a.\" \/>\n<meta property=\"og:url\" content=\"https:\/\/victorlax.net\/es\/fotografos-de-bodas\/pais-vasco\/arantza-y-julian-palacio-de-san-joseren-boda-en-getxo\/\" \/>\n<meta property=\"og:site_name\" content=\"VictorLax\" \/>\n<meta property=\"article:published_time\" content=\"2016-07-26T05:12:19+00:00\" \/>\n<meta property=\"article:modified_time\" content=\"2023-06-08T11:27:07+00:00\" \/>\n<meta property=\"og:image\" content=\"https:\/\/victorlax.net\/wp-content\/uploads\/2022\/11\/00-2-1.jpg\" \/>\n\t<meta property=\"og:image:width\" content=\"800\" \/>\n\t<meta property=\"og:image:height\" content=\"532\" \/>\n\t<meta property=\"og:image:type\" content=\"image\/jpeg\" \/>\n<meta name=\"author\" content=\"Superadmin\" \/>\n<meta name=\"twitter:card\" content=\"summary_large_image\" \/>\n<meta name=\"twitter:label1\" content=\"Written by\" \/>\n\t<meta name=\"twitter:data1\" content=\"Superadmin\" \/>\n\t<meta name=\"twitter:label2\" content=\"Est. reading time\" \/>\n\t<meta name=\"twitter:data2\" content=\"8 minutes\" \/>\n<!-- \/ Yoast SEO plugin. -->","yoast_head_json":{"title":"Arantza y Juli\u00e1n | Palacio San Joseren | Boda en Getxo","description":"Descubre nuestra sesi\u00f3n de fotos de boda en Getxo con Arantza y Juli\u00e1n. No te pierdas este enlace y de los espectaculares paisajes del norte de Espa\u00f1a.","robots":{"index":"index","follow":"follow","max-snippet":"max-snippet:-1","max-image-preview":"max-image-preview:large","max-video-preview":"max-video-preview:-1"},"canonical":"https:\/\/victorlax.net\/es\/fotografos-de-bodas\/pais-vasco\/arantza-y-julian-palacio-de-san-joseren-boda-en-getxo\/","og_locale":"es_ES","og_type":"article","og_title":"Arantza y Juli\u00e1n | Palacio San Joseren | Boda en Getxo","og_description":"Descubre nuestra sesi\u00f3n de fotos de boda en Getxo con Arantza y Juli\u00e1n. No te pierdas este enlace y de los espectaculares paisajes del norte de Espa\u00f1a.","og_url":"https:\/\/victorlax.net\/es\/fotografos-de-bodas\/pais-vasco\/arantza-y-julian-palacio-de-san-joseren-boda-en-getxo\/","og_site_name":"VictorLax","article_published_time":"2016-07-26T05:12:19+00:00","article_modified_time":"2023-06-08T11:27:07+00:00","og_image":[{"width":800,"height":532,"url":"https:\/\/victorlax.net\/wp-content\/uploads\/2022\/11\/00-2-1.jpg","type":"image\/jpeg"}],"author":"Superadmin","twitter_card":"summary_large_image","twitter_misc":{"Written by":"Superadmin","Est. reading time":"8 minutes"},"schema":{"@context":"https:\/\/schema.org","@graph":[{"@type":"WebPage","@id":"https:\/\/victorlax.net\/es\/fotografos-de-bodas\/pais-vasco\/arantza-y-julian-palacio-de-san-joseren-boda-en-getxo\/","url":"https:\/\/victorlax.net\/es\/fotografos-de-bodas\/pais-vasco\/arantza-y-julian-palacio-de-san-joseren-boda-en-getxo\/","name":"Arantza y Juli\u00e1n | Palacio San Joseren | Boda en Getxo","isPartOf":{"@id":"https:\/\/victorlax.net\/es\/#website"},"datePublished":"2016-07-26T05:12:19+00:00","dateModified":"2023-06-08T11:27:07+00:00","author":{"@id":"https:\/\/victorlax.net\/es\/#\/schema\/person\/78816daac500350703788a4da6d809a5"},"description":"Descubre nuestra sesi\u00f3n de fotos de boda en Getxo con Arantza y Juli\u00e1n. No te pierdas este enlace y de los espectaculares paisajes del norte de Espa\u00f1a.","breadcrumb":{"@id":"https:\/\/victorlax.net\/es\/fotografos-de-bodas\/pais-vasco\/arantza-y-julian-palacio-de-san-joseren-boda-en-getxo\/#breadcrumb"},"inLanguage":"es","potentialAction":[{"@type":"ReadAction","target":["https:\/\/victorlax.net\/es\/fotografos-de-bodas\/pais-vasco\/arantza-y-julian-palacio-de-san-joseren-boda-en-getxo\/"]}]},{"@type":"BreadcrumbList","@id":"https:\/\/victorlax.net\/es\/fotografos-de-bodas\/pais-vasco\/arantza-y-julian-palacio-de-san-joseren-boda-en-getxo\/#breadcrumb","itemListElement":[{"@type":"ListItem","position":1,"name":"Inicio","item":"https:\/\/victorlax.net\/es\/"},{"@type":"ListItem","position":2,"name":"Arantza &#038; Juli\u00e1n | Palacio de San Joseren | Boda en Getxo"}]},{"@type":"WebSite","@id":"https:\/\/victorlax.net\/es\/#website","url":"https:\/\/victorlax.net\/es\/","name":"VictorLax","description":"Convertimos tu boda en una obra de arte","potentialAction":[{"@type":"SearchAction","target":{"@type":"EntryPoint","urlTemplate":"https:\/\/victorlax.net\/es\/?s={search_term_string}"},"query-input":"required name=search_term_string"}],"inLanguage":"es"},{"@type":"Person","@id":"https:\/\/victorlax.net\/es\/#\/schema\/person\/78816daac500350703788a4da6d809a5","name":"Superadmin","sameAs":["https:\/\/victorlax.net"]}]}},"_links":{"self":[{"href":"https:\/\/victorlax.net\/es\/wp-json\/wp\/v2\/posts\/16651"}],"collection":[{"href":"https:\/\/victorlax.net\/es\/wp-json\/wp\/v2\/posts"}],"about":[{"href":"https:\/\/victorlax.net\/es\/wp-json\/wp\/v2\/types\/post"}],"author":[{"embeddable":true,"href":"https:\/\/victorlax.net\/es\/wp-json\/wp\/v2\/users\/1"}],"replies":[{"embeddable":true,"href":"https:\/\/victorlax.net\/es\/wp-json\/wp\/v2\/comments?post=16651"}],"version-history":[{"count":1,"href":"https:\/\/victorlax.net\/es\/wp-json\/wp\/v2\/posts\/16651\/revisions"}],"predecessor-version":[{"id":29228,"href":"https:\/\/victorlax.net\/es\/wp-json\/wp\/v2\/posts\/16651\/revisions\/29228"}],"wp:featuredmedia":[{"embeddable":true,"href":"https:\/\/victorlax.net\/es\/wp-json\/wp\/v2\/media\/15594"}],"wp:attachment":[{"href":"https:\/\/victorlax.net\/es\/wp-json\/wp\/v2\/media?parent=16651"}],"wp:term":[{"taxonomy":"category","embeddable":true,"href":"https:\/\/victorlax.net\/es\/wp-json\/wp\/v2\/categories?post=16651"},{"taxonomy":"post_tag","embeddable":true,"href":"https:\/\/victorlax.net\/es\/wp-json\/wp\/v2\/tags?post=16651"}],"curies":[{"name":"wp","href":"https:\/\/api.w.org\/{rel}","templated":true}]}}