{"id":16683,"date":"2015-07-08T08:19:54","date_gmt":"2015-07-08T06:19:54","guid":{"rendered":"https:\/\/victorlax.net\/jen-enda-puente-romano-marbella-wedding-2\/"},"modified":"2023-06-08T13:27:26","modified_gmt":"2023-06-08T11:27:26","slug":"jen-y-enda-puente-romano-marbella-wedding","status":"publish","type":"post","link":"https:\/\/victorlax.net\/es\/fotografos-de-bodas\/marbella\/jen-y-enda-puente-romano-marbella-wedding\/","title":{"rendered":"Jen &#038; Enda \/ Puente Romano \/ Marbella wedding"},"content":{"rendered":"<p>Eternanamente agradecido con Jen y Enda por darme la oportunidad de fotografiar su <strong>boda de destino en Marbella<\/strong>. Jen estaba realmente guap\u00edsima, con una sonrisa enorme que contagi\u00f3 a todo el mundo y Enda, emocionado, paciente y con una de esas miradas que nada m\u00e1s verlas sabes que esconden una gran persona detr\u00e1s.<\/p>\n<p><!--more--><\/p>\n<p>Desde Sidney, elegieron <a href=\"http:\/\/www.puenteromano.com\/default-es.html\">Puente Romano<\/a> como el lugar perfecto para su <strong>boda<\/strong>. Desde luego fue todo un gusto poder disfrutar fotografiando a esta pedazo de pareja en algunos de sus increibles rincones.<\/p>\n<p>Como no, no puedo olvidarme de mi gran amigo <strong>Albert Pamies<\/strong> por acompa\u00f1arme, ayudarme, inspirarme durante todo el fin de semana. Sin ti no hubiera sido posible este reportaje. Gracias por darlo todo.<\/p>\n<p>Gracias!!<\/p>\n<p>I will be eternally grateful to Jen and Enda for giving me the opportunity to photograph their <strong>destination wedding in Marbella<\/strong>. Jen was really gorgeous, with a huge smile that dazzled everyone specially Enda. He is the kind of person that when you look in his eyes you see what&#8217;s inside, truthful, happy and kind, a great person.<\/p>\n<p>From Sidney, they choose <a href=\"http:\/\/www.puenteromano.com\/default-es.html\">Puente Romano<\/a> as the perfect location for their <strong>wedding<\/strong>. Certainly, it was a pleasure to enjoy with this couple in this incredible place.<\/p>\n<p>Of course, I can\u00b4t forget my great friend <strong>Albert Pamies<\/strong> for joining me, helping and inspiring me throughout the weekend. Without you this photographic essay would not have been possible. Thank you for all.<\/p>\n<p>Thanks!!<\/p>\n<p><a href=\"https:\/\/victorlax.net\/wp-content\/uploads\/2022\/11\/01-9.jpg\" rel=\"attachment wp-att-6873\"><img decoding=\"async\" class=\"aligncenter wp-image-6873 size-full\" src=\"https:\/\/victorlax.net\/wp-content\/uploads\/2022\/11\/01-9.jpg\" alt=\"Marbella wedding, Puente Romano wedding, Spanish wedding photographer, Marbella destination wedding photographer, Victor Lax, Spanish wedding photographer\" width=\"800\" height=\"532\"><\/a><br \/>\n<a href=\"https:\/\/victorlax.net\/wp-content\/uploads\/2022\/11\/02-7.jpg\" rel=\"attachment wp-att-6874\"><img decoding=\"async\" class=\"aligncenter wp-image-6874 size-full\" src=\"https:\/\/victorlax.net\/wp-content\/uploads\/2022\/11\/02-7.jpg\" alt=\"Marbella wedding, Puente Romano wedding, Spanish wedding photographer, Marbella destination wedding photographer, Victor Lax, Spanish wedding photographer\" width=\"800\" height=\"534\"><\/a><br \/>\n<a href=\"https:\/\/victorlax.net\/wp-content\/uploads\/2022\/11\/03-7.jpg\" rel=\"attachment wp-att-6875\"><img decoding=\"async\" class=\"aligncenter wp-image-6875 size-full\" src=\"https:\/\/victorlax.net\/wp-content\/uploads\/2022\/11\/03-7.jpg\" alt=\"Marbella wedding, Puente Romano wedding, Spanish wedding photographer, Marbella destination wedding photographer, Victor Lax, Spanish wedding photographer\" width=\"800\" height=\"533\"><\/a><br \/>\n<a href=\"https:\/\/victorlax.net\/wp-content\/uploads\/2022\/11\/04-7.jpg\" rel=\"attachment wp-att-6876\"><img decoding=\"async\" class=\"aligncenter wp-image-6876 size-full\" src=\"https:\/\/victorlax.net\/wp-content\/uploads\/2022\/11\/04-7.jpg\" alt=\"Marbella wedding, Puente Romano wedding, Spanish wedding photographer, Marbella destination wedding photographer, Victor Lax, Spanish wedding photographer\" width=\"800\" height=\"532\"><\/a><br \/>\n<a href=\"https:\/\/victorlax.net\/wp-content\/uploads\/2022\/11\/05-7.jpg\" rel=\"attachment wp-att-6877\"><img decoding=\"async\" class=\"aligncenter wp-image-6877 size-full\" src=\"https:\/\/victorlax.net\/wp-content\/uploads\/2022\/11\/05-7.jpg\" alt=\"Marbella wedding, Puente Romano wedding, Spanish wedding photographer, Marbella destination wedding photographer, Victor Lax, Spanish wedding photographer\" width=\"800\" height=\"532\"><\/a><br \/>\n<a href=\"https:\/\/victorlax.net\/wp-content\/uploads\/2022\/11\/06-6.jpg\" rel=\"attachment wp-att-6878\"><img decoding=\"async\" class=\"aligncenter wp-image-6878 size-full\" src=\"https:\/\/victorlax.net\/wp-content\/uploads\/2022\/11\/06-6.jpg\" alt=\"Marbella wedding, Puente Romano wedding, Spanish wedding photographer, Marbella destination wedding photographer, Victor Lax, Spanish wedding photographer\" width=\"800\" height=\"533\"><\/a><br \/>\n<a href=\"https:\/\/victorlax.net\/wp-content\/uploads\/2022\/11\/07-6.jpg\" rel=\"attachment wp-att-6879\"><img decoding=\"async\" class=\"aligncenter wp-image-6879 size-full\" src=\"https:\/\/victorlax.net\/wp-content\/uploads\/2022\/11\/07-6.jpg\" alt=\"Marbella wedding, Puente Romano wedding, Spanish wedding photographer, Marbella destination wedding photographer, Victor Lax, Spanish wedding photographer\" width=\"800\" height=\"534\"><\/a><br \/>\n<a href=\"https:\/\/victorlax.net\/wp-content\/uploads\/2022\/11\/08a.jpg\" rel=\"attachment wp-att-6880\"><img decoding=\"async\" class=\"aligncenter wp-image-6880 size-full\" src=\"https:\/\/victorlax.net\/wp-content\/uploads\/2022\/11\/08a.jpg\" alt=\"Marbella wedding, Puente Romano wedding, Spanish wedding photographer, Marbella destination wedding photographer, Victor Lax, Spanish wedding photographer\" width=\"800\" height=\"532\"><\/a><br \/>\n<a href=\"https:\/\/victorlax.net\/wp-content\/uploads\/2022\/11\/09-7.jpg\" rel=\"attachment wp-att-6881\"><img decoding=\"async\" class=\"aligncenter wp-image-6881 size-full\" src=\"https:\/\/victorlax.net\/wp-content\/uploads\/2022\/11\/09-7.jpg\" alt=\"Marbella wedding, Puente Romano wedding, Spanish wedding photographer, Marbella destination wedding photographer, Victor Lax, Spanish wedding photographer\" width=\"800\" height=\"534\"><\/a><br \/>\n<a href=\"https:\/\/victorlax.net\/wp-content\/uploads\/2022\/11\/10-6.jpg\" rel=\"attachment wp-att-6882\"><img decoding=\"async\" class=\"aligncenter wp-image-6882 size-full\" src=\"https:\/\/victorlax.net\/wp-content\/uploads\/2022\/11\/10-6.jpg\" alt=\"Marbella wedding, Puente Romano wedding, Spanish wedding photographer, Marbella destination wedding photographer, Victor Lax, Spanish wedding photographer\" width=\"800\" height=\"534\"><\/a><br \/>\n<a href=\"https:\/\/victorlax.net\/wp-content\/uploads\/2022\/11\/11-6.jpg\" rel=\"attachment wp-att-6883\"><img decoding=\"async\" class=\"aligncenter wp-image-6883 size-full\" src=\"https:\/\/victorlax.net\/wp-content\/uploads\/2022\/11\/11-6.jpg\" alt=\"Marbella wedding, Puente Romano wedding, Spanish wedding photographer, Marbella destination wedding photographer, Victor Lax, Spanish wedding photographer\" width=\"800\" height=\"534\"><\/a><br \/>\n<a href=\"https:\/\/victorlax.net\/wp-content\/uploads\/2022\/11\/12-7.jpg\" rel=\"attachment wp-att-6884\"><img decoding=\"async\" class=\"aligncenter wp-image-6884 size-full\" src=\"https:\/\/victorlax.net\/wp-content\/uploads\/2022\/11\/12-7.jpg\" alt=\"Marbella wedding, Puente Romano wedding, Spanish wedding photographer, Marbella destination wedding photographer, Victor Lax, Spanish wedding photographer\" width=\"800\" height=\"532\"><\/a><br \/>\n<a href=\"https:\/\/victorlax.net\/wp-content\/uploads\/2022\/11\/14-8.jpg\" rel=\"attachment wp-att-6885\"><img decoding=\"async\" class=\"aligncenter wp-image-6885 size-full\" src=\"https:\/\/victorlax.net\/wp-content\/uploads\/2022\/11\/14-8.jpg\" alt=\"Marbella wedding, Puente Romano wedding, Spanish wedding photographer, Marbella destination wedding photographer, Victor Lax, Spanish wedding photographer\" width=\"800\" height=\"534\"><\/a><br \/>\n<a href=\"https:\/\/victorlax.net\/wp-content\/uploads\/2022\/11\/15-8.jpg\" rel=\"attachment wp-att-6886\"><img decoding=\"async\" class=\"aligncenter wp-image-6886 size-full\" src=\"https:\/\/victorlax.net\/wp-content\/uploads\/2022\/11\/15-8.jpg\" alt=\"Marbella wedding, Puente Romano wedding, Spanish wedding photographer, Marbella destination wedding photographer, Victor Lax, Spanish wedding photographer\" width=\"800\" height=\"533\"><\/a><br \/>\n<a href=\"https:\/\/victorlax.net\/wp-content\/uploads\/2022\/11\/16-8.jpg\" rel=\"attachment wp-att-6887\"><img decoding=\"async\" class=\"aligncenter wp-image-6887 size-full\" src=\"https:\/\/victorlax.net\/wp-content\/uploads\/2022\/11\/16-8.jpg\" alt=\"Marbella wedding, Puente Romano wedding, Spanish wedding photographer, Marbella destination wedding photographer, Victor Lax, Spanish wedding photographer\" width=\"800\" height=\"533\"><\/a><br \/>\n<a href=\"https:\/\/victorlax.net\/wp-content\/uploads\/2022\/11\/17-8.jpg\" rel=\"attachment wp-att-6888\"><img decoding=\"async\" class=\"aligncenter wp-image-6888 size-full\" src=\"https:\/\/victorlax.net\/wp-content\/uploads\/2022\/11\/17-8.jpg\" alt=\"Marbella wedding, Puente Romano wedding, Spanish wedding photographer, Marbella destination wedding photographer, Victor Lax, Spanish wedding photographer\" width=\"800\" height=\"532\"><\/a><br \/>\n<a href=\"https:\/\/victorlax.net\/wp-content\/uploads\/2022\/11\/18-7.jpg\" rel=\"attachment wp-att-6889\"><img decoding=\"async\" class=\"aligncenter wp-image-6889 size-full\" src=\"https:\/\/victorlax.net\/wp-content\/uploads\/2022\/11\/18-7.jpg\" alt=\"Marbella wedding, Puente Romano wedding, Spanish wedding photographer, Marbella destination wedding photographer, Victor Lax, Spanish wedding photographer\" width=\"800\" height=\"532\"><\/a><br \/>\n<a href=\"https:\/\/victorlax.net\/wp-content\/uploads\/2022\/11\/19r.jpg\" rel=\"attachment wp-att-6890\"><img decoding=\"async\" class=\"aligncenter wp-image-6890 size-full\" src=\"https:\/\/victorlax.net\/wp-content\/uploads\/2022\/11\/19r.jpg\" alt=\"Marbella wedding, Puente Romano wedding, Spanish wedding photographer, Marbella destination wedding photographer, Victor Lax, Spanish wedding photographer\" width=\"800\" height=\"532\"><\/a><br \/>\n<a href=\"https:\/\/victorlax.net\/wp-content\/uploads\/2022\/11\/20-7.jpg\" rel=\"attachment wp-att-6891\"><img decoding=\"async\" class=\"aligncenter wp-image-6891 size-full\" src=\"https:\/\/victorlax.net\/wp-content\/uploads\/2022\/11\/20-7.jpg\" alt=\"Marbella wedding, Puente Romano wedding, Spanish wedding photographer, Marbella destination wedding photographer, Victor Lax, Spanish wedding photographer\" width=\"800\" height=\"533\"><\/a><br \/>\n<a href=\"https:\/\/victorlax.net\/wp-content\/uploads\/2022\/11\/21-7.jpg\" rel=\"attachment wp-att-6892\"><img decoding=\"async\" class=\"aligncenter wp-image-6892 size-full\" src=\"https:\/\/victorlax.net\/wp-content\/uploads\/2022\/11\/21-7.jpg\" alt=\"Marbella wedding, Puente Romano wedding, Spanish wedding photographer, Marbella destination wedding photographer, Victor Lax, Spanish wedding photographer\" width=\"800\" height=\"532\"><\/a><br \/>\n<a href=\"https:\/\/victorlax.net\/wp-content\/uploads\/2022\/11\/22a.jpg\" rel=\"attachment wp-att-6893\"><img decoding=\"async\" class=\"aligncenter wp-image-6893 size-full\" src=\"https:\/\/victorlax.net\/wp-content\/uploads\/2022\/11\/22a.jpg\" alt=\"Marbella wedding, Puente Romano wedding, Spanish wedding photographer, Marbella destination wedding photographer, Victor Lax, Spanish wedding photographer\" width=\"800\" height=\"532\"><\/a><br \/>\n<a href=\"https:\/\/victorlax.net\/wp-content\/uploads\/2022\/11\/23-8.jpg\" rel=\"attachment wp-att-6894\"><img decoding=\"async\" class=\"aligncenter wp-image-6894 size-full\" src=\"https:\/\/victorlax.net\/wp-content\/uploads\/2022\/11\/23-8.jpg\" alt=\"Marbella wedding, Puente Romano wedding, Spanish wedding photographer, Marbella destination wedding photographer, Victor Lax, Spanish wedding photographer\" width=\"800\" height=\"532\"><\/a><\/p>\n","protected":false},"excerpt":{"rendered":"<p>Eternanamente agradecido con Jen y Enda por darme la oportunidad de fotografiar su boda de destino en Marbella. Jen estaba realmente guap\u00edsima, con una sonrisa enorme que contagi\u00f3 a todo el mundo y Enda, emocionado, paciente y con una de esas miradas que nada m\u00e1s verlas sabes que esconden una gran persona detr\u00e1s.<\/p>\n","protected":false},"author":1,"featured_media":15132,"comment_status":"closed","ping_status":"open","sticky":false,"template":"","format":"standard","meta":{"inline_featured_image":false,"footnotes":"","_links_to":"","_links_to_target":""},"categories":[749,733],"tags":[483,503],"acf":[],"yoast_head":"<!-- This site is optimized with the Yoast SEO plugin v19.10 - https:\/\/yoast.com\/wordpress\/plugins\/seo\/ -->\n<title>Jen &amp; Enda | Boda en el hotel Puente Romano, Marbella<\/title>\n<meta name=\"description\" content=\"Descubre aqu\u00ed la sesi\u00f3n fotogr\u00e1fica del enlace de Jen y Enda en el lujoso hotel Puente Romano, en Marbella: retratos de amor de un d\u00eda que no olvidar\u00e1n.\" \/>\n<meta name=\"robots\" content=\"index, follow, max-snippet:-1, max-image-preview:large, max-video-preview:-1\" \/>\n<link rel=\"canonical\" href=\"https:\/\/victorlax.net\/es\/fotografos-de-bodas\/marbella\/jen-y-enda-puente-romano-marbella-wedding\/\" \/>\n<meta property=\"og:locale\" content=\"es_ES\" \/>\n<meta property=\"og:type\" content=\"article\" \/>\n<meta property=\"og:title\" content=\"Jen &amp; Enda | Boda en el hotel Puente Romano, Marbella\" \/>\n<meta property=\"og:description\" content=\"Descubre aqu\u00ed la sesi\u00f3n fotogr\u00e1fica del enlace de Jen y Enda en el lujoso hotel Puente Romano, en Marbella: retratos de amor de un d\u00eda que no olvidar\u00e1n.\" \/>\n<meta property=\"og:url\" content=\"https:\/\/victorlax.net\/es\/fotografos-de-bodas\/marbella\/jen-y-enda-puente-romano-marbella-wedding\/\" \/>\n<meta property=\"og:site_name\" content=\"VictorLax\" \/>\n<meta property=\"article:published_time\" content=\"2015-07-08T06:19:54+00:00\" \/>\n<meta property=\"article:modified_time\" content=\"2023-06-08T11:27:26+00:00\" \/>\n<meta property=\"og:image\" content=\"https:\/\/victorlax.net\/wp-content\/uploads\/2022\/11\/001-4.jpg\" \/>\n\t<meta property=\"og:image:width\" content=\"800\" \/>\n\t<meta property=\"og:image:height\" content=\"532\" \/>\n\t<meta property=\"og:image:type\" content=\"image\/jpeg\" \/>\n<meta name=\"author\" content=\"Superadmin\" \/>\n<meta name=\"twitter:card\" content=\"summary_large_image\" \/>\n<meta name=\"twitter:label1\" content=\"Written by\" \/>\n\t<meta name=\"twitter:data1\" content=\"Superadmin\" \/>\n\t<meta name=\"twitter:label2\" content=\"Est. reading time\" \/>\n\t<meta name=\"twitter:data2\" content=\"6 minutes\" \/>\n<!-- \/ Yoast SEO plugin. -->","yoast_head_json":{"title":"Jen & Enda | Boda en el hotel Puente Romano, Marbella","description":"Descubre aqu\u00ed la sesi\u00f3n fotogr\u00e1fica del enlace de Jen y Enda en el lujoso hotel Puente Romano, en Marbella: retratos de amor de un d\u00eda que no olvidar\u00e1n.","robots":{"index":"index","follow":"follow","max-snippet":"max-snippet:-1","max-image-preview":"max-image-preview:large","max-video-preview":"max-video-preview:-1"},"canonical":"https:\/\/victorlax.net\/es\/fotografos-de-bodas\/marbella\/jen-y-enda-puente-romano-marbella-wedding\/","og_locale":"es_ES","og_type":"article","og_title":"Jen & Enda | Boda en el hotel Puente Romano, Marbella","og_description":"Descubre aqu\u00ed la sesi\u00f3n fotogr\u00e1fica del enlace de Jen y Enda en el lujoso hotel Puente Romano, en Marbella: retratos de amor de un d\u00eda que no olvidar\u00e1n.","og_url":"https:\/\/victorlax.net\/es\/fotografos-de-bodas\/marbella\/jen-y-enda-puente-romano-marbella-wedding\/","og_site_name":"VictorLax","article_published_time":"2015-07-08T06:19:54+00:00","article_modified_time":"2023-06-08T11:27:26+00:00","og_image":[{"width":800,"height":532,"url":"https:\/\/victorlax.net\/wp-content\/uploads\/2022\/11\/001-4.jpg","type":"image\/jpeg"}],"author":"Superadmin","twitter_card":"summary_large_image","twitter_misc":{"Written by":"Superadmin","Est. reading time":"6 minutes"},"schema":{"@context":"https:\/\/schema.org","@graph":[{"@type":"WebPage","@id":"https:\/\/victorlax.net\/es\/fotografos-de-bodas\/marbella\/jen-y-enda-puente-romano-marbella-wedding\/","url":"https:\/\/victorlax.net\/es\/fotografos-de-bodas\/marbella\/jen-y-enda-puente-romano-marbella-wedding\/","name":"Jen & Enda | Boda en el hotel Puente Romano, Marbella","isPartOf":{"@id":"https:\/\/victorlax.net\/es\/#website"},"datePublished":"2015-07-08T06:19:54+00:00","dateModified":"2023-06-08T11:27:26+00:00","author":{"@id":"https:\/\/victorlax.net\/es\/#\/schema\/person\/78816daac500350703788a4da6d809a5"},"description":"Descubre aqu\u00ed la sesi\u00f3n fotogr\u00e1fica del enlace de Jen y Enda en el lujoso hotel Puente Romano, en Marbella: retratos de amor de un d\u00eda que no olvidar\u00e1n.","breadcrumb":{"@id":"https:\/\/victorlax.net\/es\/fotografos-de-bodas\/marbella\/jen-y-enda-puente-romano-marbella-wedding\/#breadcrumb"},"inLanguage":"es","potentialAction":[{"@type":"ReadAction","target":["https:\/\/victorlax.net\/es\/fotografos-de-bodas\/marbella\/jen-y-enda-puente-romano-marbella-wedding\/"]}]},{"@type":"BreadcrumbList","@id":"https:\/\/victorlax.net\/es\/fotografos-de-bodas\/marbella\/jen-y-enda-puente-romano-marbella-wedding\/#breadcrumb","itemListElement":[{"@type":"ListItem","position":1,"name":"Inicio","item":"https:\/\/victorlax.net\/es\/"},{"@type":"ListItem","position":2,"name":"Jen &#038; Enda \/ Puente Romano \/ Marbella wedding"}]},{"@type":"WebSite","@id":"https:\/\/victorlax.net\/es\/#website","url":"https:\/\/victorlax.net\/es\/","name":"VictorLax","description":"Convertimos tu boda en una obra de arte","potentialAction":[{"@type":"SearchAction","target":{"@type":"EntryPoint","urlTemplate":"https:\/\/victorlax.net\/es\/?s={search_term_string}"},"query-input":"required name=search_term_string"}],"inLanguage":"es"},{"@type":"Person","@id":"https:\/\/victorlax.net\/es\/#\/schema\/person\/78816daac500350703788a4da6d809a5","name":"Superadmin","sameAs":["https:\/\/victorlax.net"]}]}},"_links":{"self":[{"href":"https:\/\/victorlax.net\/es\/wp-json\/wp\/v2\/posts\/16683"}],"collection":[{"href":"https:\/\/victorlax.net\/es\/wp-json\/wp\/v2\/posts"}],"about":[{"href":"https:\/\/victorlax.net\/es\/wp-json\/wp\/v2\/types\/post"}],"author":[{"embeddable":true,"href":"https:\/\/victorlax.net\/es\/wp-json\/wp\/v2\/users\/1"}],"replies":[{"embeddable":true,"href":"https:\/\/victorlax.net\/es\/wp-json\/wp\/v2\/comments?post=16683"}],"version-history":[{"count":1,"href":"https:\/\/victorlax.net\/es\/wp-json\/wp\/v2\/posts\/16683\/revisions"}],"predecessor-version":[{"id":28942,"href":"https:\/\/victorlax.net\/es\/wp-json\/wp\/v2\/posts\/16683\/revisions\/28942"}],"wp:featuredmedia":[{"embeddable":true,"href":"https:\/\/victorlax.net\/es\/wp-json\/wp\/v2\/media\/15132"}],"wp:attachment":[{"href":"https:\/\/victorlax.net\/es\/wp-json\/wp\/v2\/media?parent=16683"}],"wp:term":[{"taxonomy":"category","embeddable":true,"href":"https:\/\/victorlax.net\/es\/wp-json\/wp\/v2\/categories?post=16683"},{"taxonomy":"post_tag","embeddable":true,"href":"https:\/\/victorlax.net\/es\/wp-json\/wp\/v2\/tags?post=16683"}],"curies":[{"name":"wp","href":"https:\/\/api.w.org\/{rel}","templated":true}]}}