{"id":16790,"date":"2018-06-21T11:00:13","date_gmt":"2018-06-21T09:00:13","guid":{"rendered":"https:\/\/victorlax.net\/claudia-jara-family-in-mallorca-2\/"},"modified":"2023-06-08T13:26:29","modified_gmt":"2023-06-08T11:26:29","slug":"claudia-y-jara-family-in-mallorca","status":"publish","type":"post","link":"https:\/\/victorlax.net\/es\/familia\/claudia-y-jara-family-in-mallorca\/","title":{"rendered":"Claudia, Jara &#038; Family en Mallorca"},"content":{"rendered":"<p>Qu\u00e9 gran experiencia el poder fotografiar a nuestros amigos Susana &amp; Fabi\u00e1n y las incre\u00edbles Claudia y Jara en Mallorca durante un d\u00eda entero.<\/p>\n\n<style type=\"text\/css\">\n.new-royalslider-1 .rsThumbsHor { height:40px; }\n.new-royalslider-1 .rsThumbsVer { width:60px; } \n\t\t\t.new-royalslider-1 .rsThumb { width: 60px; height: 40px; }\n<\/style>\n<div id=\"new-royalslider-1\" class=\"royalSlider new-royalslider-1 rsDefaultInv rs-image-gallery\" style=\"width:100%;height:600px;;\">\n<div class=\"rsContent\">\n  <a class=\"rsImg\" href=\"https:\/\/victorlax.net\/wp-content\/uploads\/2022\/11\/Lax-1-3-1024x683.jpg\">Lax (1)<\/a>\n  <div class=\"rsTmb\"><img src=\"https:\/\/victorlax.net\/wp-content\/uploads\/2022\/11\/Lax-1-3-60x40.jpg\" alt=\"\" \/><\/div>\n  \n  \n<\/div>\n<div class=\"rsContent\">\n  <a class=\"rsImg\" href=\"https:\/\/victorlax.net\/wp-content\/uploads\/2022\/11\/Lax-2-3-1024x682.jpg\">Mallorca family<\/a>\n  <div class=\"rsTmb\"><img src=\"https:\/\/victorlax.net\/wp-content\/uploads\/2022\/11\/Lax-2-3-60x40.jpg\" alt=\"\" \/><\/div>\n  \n  \n<\/div>\n<div class=\"rsContent\">\n  <a class=\"rsImg\" href=\"https:\/\/victorlax.net\/wp-content\/uploads\/2022\/11\/Lax-3-3-1024x683.jpg\">Lax (3)<\/a>\n  <div class=\"rsTmb\"><img src=\"https:\/\/victorlax.net\/wp-content\/uploads\/2022\/11\/Lax-3-3-60x40.jpg\" alt=\"\" \/><\/div>\n  \n  \n<\/div>\n<div class=\"rsContent\">\n  <a class=\"rsImg\" href=\"https:\/\/victorlax.net\/wp-content\/uploads\/2022\/11\/Lax-4-3-1024x682.jpg\">Lax (4)<\/a>\n  <div class=\"rsTmb\"><img src=\"https:\/\/victorlax.net\/wp-content\/uploads\/2022\/11\/Lax-4-3-60x40.jpg\" alt=\"\" \/><\/div>\n  \n  \n<\/div>\n<div class=\"rsContent\">\n  <a class=\"rsImg\" href=\"https:\/\/victorlax.net\/wp-content\/uploads\/2022\/11\/Lax-5-3-1024x683.jpg\">Lax (5)<\/a>\n  <div class=\"rsTmb\"><img src=\"https:\/\/victorlax.net\/wp-content\/uploads\/2022\/11\/Lax-5-3-60x40.jpg\" alt=\"\" \/><\/div>\n  \n  \n<\/div>\n<div class=\"rsContent\">\n  <a class=\"rsImg\" href=\"https:\/\/victorlax.net\/wp-content\/uploads\/2022\/11\/Lax-6-4-1024x683.jpg\">Lax (6)<\/a>\n  <div class=\"rsTmb\"><img src=\"https:\/\/victorlax.net\/wp-content\/uploads\/2022\/11\/Lax-6-4-60x40.jpg\" alt=\"\" \/><\/div>\n  \n  \n<\/div>\n<div class=\"rsContent\">\n  <a class=\"rsImg\" href=\"https:\/\/victorlax.net\/wp-content\/uploads\/2022\/11\/Lax-7-3-1024x683.jpg\">Lax (7)<\/a>\n  <div class=\"rsTmb\"><img src=\"https:\/\/victorlax.net\/wp-content\/uploads\/2022\/11\/Lax-7-3-60x40.jpg\" alt=\"\" \/><\/div>\n  \n  \n<\/div>\n<div class=\"rsContent\">\n  <a class=\"rsImg\" href=\"https:\/\/victorlax.net\/wp-content\/uploads\/2022\/11\/Lax-8-3-1024x683.jpg\">Lax (8)<\/a>\n  <div class=\"rsTmb\"><img src=\"https:\/\/victorlax.net\/wp-content\/uploads\/2022\/11\/Lax-8-3-60x40.jpg\" alt=\"\" \/><\/div>\n  \n  \n<\/div>\n<div class=\"rsContent\">\n  <a class=\"rsImg\" href=\"https:\/\/victorlax.net\/wp-content\/uploads\/2022\/11\/Lax-9-3-1024x683.jpg\">Lax (9)<\/a>\n  <div class=\"rsTmb\"><img src=\"https:\/\/victorlax.net\/wp-content\/uploads\/2022\/11\/Lax-9-3-60x40.jpg\" alt=\"\" \/><\/div>\n  \n  \n<\/div>\n<div class=\"rsContent\">\n  <a class=\"rsImg\" href=\"https:\/\/victorlax.net\/wp-content\/uploads\/2022\/11\/Lax-10-3-1024x683.jpg\">Mallorca family 3<\/a>\n  <div class=\"rsTmb\"><img src=\"https:\/\/victorlax.net\/wp-content\/uploads\/2022\/11\/Lax-10-3-60x40.jpg\" alt=\"\" \/><\/div>\n  \n  \n<\/div>\n<div class=\"rsContent\">\n  <a class=\"rsImg\" href=\"https:\/\/victorlax.net\/wp-content\/uploads\/2022\/11\/Lax-11-3-1024x683.jpg\">Lax (11)<\/a>\n  <div class=\"rsTmb\"><img src=\"https:\/\/victorlax.net\/wp-content\/uploads\/2022\/11\/Lax-11-3-60x40.jpg\" alt=\"\" \/><\/div>\n  \n  \n<\/div>\n<div class=\"rsContent\">\n  <a class=\"rsImg\" href=\"https:\/\/victorlax.net\/wp-content\/uploads\/2022\/11\/Lax-12-3-1024x683.jpg\">Lax (12)<\/a>\n  <div class=\"rsTmb\"><img src=\"https:\/\/victorlax.net\/wp-content\/uploads\/2022\/11\/Lax-12-3-60x40.jpg\" alt=\"\" \/><\/div>\n  \n  \n<\/div>\n<div class=\"rsContent\">\n  <a class=\"rsImg\" href=\"https:\/\/victorlax.net\/wp-content\/uploads\/2022\/11\/Lax-13-3-1024x683.jpg\">Lax (13)<\/a>\n  <div class=\"rsTmb\"><img src=\"https:\/\/victorlax.net\/wp-content\/uploads\/2022\/11\/Lax-13-3-60x40.jpg\" alt=\"\" \/><\/div>\n  \n  \n<\/div>\n<div class=\"rsContent\">\n  <a class=\"rsImg\" href=\"https:\/\/victorlax.net\/wp-content\/uploads\/2022\/11\/Lax-14-3-1024x683.jpg\">Lax (14)<\/a>\n  <div class=\"rsTmb\"><img src=\"https:\/\/victorlax.net\/wp-content\/uploads\/2022\/11\/Lax-14-3-60x40.jpg\" alt=\"\" \/><\/div>\n  \n  \n<\/div>\n<div class=\"rsContent\">\n  <a class=\"rsImg\" href=\"https:\/\/victorlax.net\/wp-content\/uploads\/2022\/11\/Lax-15-3-1024x683.jpg\">Lax (15)<\/a>\n  <div class=\"rsTmb\"><img src=\"https:\/\/victorlax.net\/wp-content\/uploads\/2022\/11\/Lax-15-3-60x40.jpg\" alt=\"\" \/><\/div>\n  \n  \n<\/div>\n<div class=\"rsContent\">\n  <a class=\"rsImg\" href=\"https:\/\/victorlax.net\/wp-content\/uploads\/2022\/11\/Lax-16-3-1024x683.jpg\">Mallorca family 2<\/a>\n  <div class=\"rsTmb\"><img src=\"https:\/\/victorlax.net\/wp-content\/uploads\/2022\/11\/Lax-16-3-60x40.jpg\" alt=\"\" \/><\/div>\n  \n  \n<\/div>\n<div class=\"rsContent\">\n  <a class=\"rsImg\" href=\"https:\/\/victorlax.net\/wp-content\/uploads\/2022\/11\/Lax-17-3-1024x683.jpg\">Lax (17)<\/a>\n  <div class=\"rsTmb\"><img src=\"https:\/\/victorlax.net\/wp-content\/uploads\/2022\/11\/Lax-17-3-60x40.jpg\" alt=\"\" \/><\/div>\n  \n  \n<\/div>\n<div class=\"rsContent\">\n  <a class=\"rsImg\" href=\"https:\/\/victorlax.net\/wp-content\/uploads\/2022\/11\/Lax-18-3-1024x683.jpg\">Lax (18)<\/a>\n  <div class=\"rsTmb\"><img src=\"https:\/\/victorlax.net\/wp-content\/uploads\/2022\/11\/Lax-18-3-60x40.jpg\" alt=\"\" \/><\/div>\n  \n  \n<\/div>\n<div class=\"rsContent\">\n  <a class=\"rsImg\" href=\"https:\/\/victorlax.net\/wp-content\/uploads\/2022\/11\/Lax-19-3-1024x683.jpg\">Lax (19)<\/a>\n  <div class=\"rsTmb\"><img src=\"https:\/\/victorlax.net\/wp-content\/uploads\/2022\/11\/Lax-19-3-60x40.jpg\" alt=\"\" \/><\/div>\n  \n  \n<\/div>\n<div class=\"rsContent\">\n  <a class=\"rsImg\" href=\"https:\/\/victorlax.net\/wp-content\/uploads\/2022\/11\/Lax-20-3-1024x683.jpg\">Lax (20)<\/a>\n  <div class=\"rsTmb\"><img src=\"https:\/\/victorlax.net\/wp-content\/uploads\/2022\/11\/Lax-20-3-60x40.jpg\" alt=\"\" \/><\/div>\n  \n  \n<\/div>\n<div class=\"rsContent\">\n  <a class=\"rsImg\" href=\"https:\/\/victorlax.net\/wp-content\/uploads\/2022\/11\/Lax-21-3-1024x683.jpg\">Lax (21)<\/a>\n  <div class=\"rsTmb\"><img src=\"https:\/\/victorlax.net\/wp-content\/uploads\/2022\/11\/Lax-21-3-60x40.jpg\" alt=\"\" \/><\/div>\n  \n  \n<\/div>\n<div class=\"rsContent\">\n  <a class=\"rsImg\" href=\"https:\/\/victorlax.net\/wp-content\/uploads\/2022\/11\/Lax-22-3-1024x683.jpg\">Lax (22)<\/a>\n  <div class=\"rsTmb\"><img src=\"https:\/\/victorlax.net\/wp-content\/uploads\/2022\/11\/Lax-22-3-60x40.jpg\" alt=\"\" \/><\/div>\n  \n  \n<\/div>\n<div class=\"rsContent\">\n  <a class=\"rsImg\" href=\"https:\/\/victorlax.net\/wp-content\/uploads\/2022\/11\/Lax-23-3-1024x683.jpg\">Lax (23)<\/a>\n  <div class=\"rsTmb\"><img src=\"https:\/\/victorlax.net\/wp-content\/uploads\/2022\/11\/Lax-23-3-60x40.jpg\" alt=\"\" \/><\/div>\n  \n  \n<\/div>\n<div class=\"rsContent\">\n  <a class=\"rsImg\" href=\"https:\/\/victorlax.net\/wp-content\/uploads\/2022\/11\/Lax-24-2-1024x681.jpg\">Lax (24)<\/a>\n  <div class=\"rsTmb\"><img src=\"https:\/\/victorlax.net\/wp-content\/uploads\/2022\/11\/Lax-24-2-60x40.jpg\" alt=\"\" \/><\/div>\n  \n  \n<\/div>\n<div class=\"rsContent\">\n  <a class=\"rsImg\" href=\"https:\/\/victorlax.net\/wp-content\/uploads\/2022\/11\/Lax-25-2-1024x683.jpg\">Lax (25)<\/a>\n  <div class=\"rsTmb\"><img src=\"https:\/\/victorlax.net\/wp-content\/uploads\/2022\/11\/Lax-25-2-60x40.jpg\" alt=\"\" \/><\/div>\n  \n  \n<\/div>\n<div class=\"rsContent\">\n  <a class=\"rsImg\" href=\"https:\/\/victorlax.net\/wp-content\/uploads\/2022\/11\/Lax-26-2-1024x683.jpg\">Lax (26)<\/a>\n  <div class=\"rsTmb\"><img src=\"https:\/\/victorlax.net\/wp-content\/uploads\/2022\/11\/Lax-26-2-60x40.jpg\" alt=\"\" \/><\/div>\n  \n  \n<\/div>\n<div class=\"rsContent\">\n  <a class=\"rsImg\" href=\"https:\/\/victorlax.net\/wp-content\/uploads\/2022\/11\/Lax-27-2-1024x679.jpg\">Lax (27)<\/a>\n  <div class=\"rsTmb\"><img src=\"https:\/\/victorlax.net\/wp-content\/uploads\/2022\/11\/Lax-27-2-60x40.jpg\" alt=\"\" \/><\/div>\n  \n  \n<\/div>\n\n<\/div>\n\n","protected":false},"excerpt":{"rendered":"<p>Qu\u00e9 gran experiencia el poder fotografiar a nuestros amigos Susana &amp; Fabi\u00e1n y las incre\u00edbles Claudia y Jara en Mallorca durante un d\u00eda entero.<\/p>\n","protected":false},"author":1,"featured_media":16762,"comment_status":"closed","ping_status":"open","sticky":false,"template":"","format":"standard","meta":{"inline_featured_image":false,"footnotes":"","_links_to":"","_links_to_target":""},"categories":[769],"tags":[],"acf":[],"yoast_head":"<!-- This site is optimized with the Yoast SEO plugin v19.10 - https:\/\/yoast.com\/wordpress\/plugins\/seo\/ -->\n<title>Claudia, Jara &amp; Family en Mallorca - VictorLax<\/title>\n<meta name=\"description\" content=\"Qu\u00e9 gran experiencia el poder fotografiar a nuestros amigos Susana &amp; Fabi\u00e1n y las incre\u00edbles Claudia y Jara en Mallorca durante un d\u00eda entero.\" \/>\n<meta name=\"robots\" content=\"index, follow, max-snippet:-1, max-image-preview:large, max-video-preview:-1\" \/>\n<link rel=\"canonical\" href=\"https:\/\/victorlax.net\/es\/familia\/claudia-y-jara-family-in-mallorca\/\" \/>\n<meta property=\"og:locale\" content=\"es_ES\" \/>\n<meta property=\"og:type\" content=\"article\" \/>\n<meta property=\"og:title\" content=\"Claudia, Jara &amp; Family en Mallorca - VictorLax\" \/>\n<meta property=\"og:description\" content=\"Qu\u00e9 gran experiencia el poder fotografiar a nuestros amigos Susana &amp; Fabi\u00e1n y las incre\u00edbles Claudia y Jara en Mallorca durante un d\u00eda entero.\" \/>\n<meta property=\"og:url\" content=\"https:\/\/victorlax.net\/es\/familia\/claudia-y-jara-family-in-mallorca\/\" \/>\n<meta property=\"og:site_name\" content=\"VictorLax\" \/>\n<meta property=\"article:published_time\" content=\"2018-06-21T09:00:13+00:00\" \/>\n<meta property=\"article:modified_time\" content=\"2023-06-08T11:26:29+00:00\" \/>\n<meta property=\"og:image\" content=\"https:\/\/victorlax.net\/wp-content\/uploads\/2022\/11\/Lax-1-3.jpg\" \/>\n\t<meta property=\"og:image:width\" content=\"1920\" \/>\n\t<meta property=\"og:image:height\" content=\"1280\" \/>\n\t<meta property=\"og:image:type\" content=\"image\/jpeg\" \/>\n<meta name=\"author\" content=\"Superadmin\" \/>\n<meta name=\"twitter:card\" content=\"summary_large_image\" \/>\n<meta name=\"twitter:label1\" content=\"Written by\" \/>\n\t<meta name=\"twitter:data1\" content=\"Superadmin\" \/>\n\t<meta name=\"twitter:label2\" content=\"Est. reading time\" \/>\n\t<meta name=\"twitter:data2\" content=\"1 minute\" \/>\n<!-- \/ Yoast SEO plugin. -->","yoast_head_json":{"title":"Claudia, Jara & Family en Mallorca - VictorLax","description":"Qu\u00e9 gran experiencia el poder fotografiar a nuestros amigos Susana & Fabi\u00e1n y las incre\u00edbles Claudia y Jara en Mallorca durante un d\u00eda entero.","robots":{"index":"index","follow":"follow","max-snippet":"max-snippet:-1","max-image-preview":"max-image-preview:large","max-video-preview":"max-video-preview:-1"},"canonical":"https:\/\/victorlax.net\/es\/familia\/claudia-y-jara-family-in-mallorca\/","og_locale":"es_ES","og_type":"article","og_title":"Claudia, Jara & Family en Mallorca - VictorLax","og_description":"Qu\u00e9 gran experiencia el poder fotografiar a nuestros amigos Susana & Fabi\u00e1n y las incre\u00edbles Claudia y Jara en Mallorca durante un d\u00eda entero.","og_url":"https:\/\/victorlax.net\/es\/familia\/claudia-y-jara-family-in-mallorca\/","og_site_name":"VictorLax","article_published_time":"2018-06-21T09:00:13+00:00","article_modified_time":"2023-06-08T11:26:29+00:00","og_image":[{"width":1920,"height":1280,"url":"https:\/\/victorlax.net\/wp-content\/uploads\/2022\/11\/Lax-1-3.jpg","type":"image\/jpeg"}],"author":"Superadmin","twitter_card":"summary_large_image","twitter_misc":{"Written by":"Superadmin","Est. reading time":"1 minute"},"schema":{"@context":"https:\/\/schema.org","@graph":[{"@type":"WebPage","@id":"https:\/\/victorlax.net\/es\/familia\/claudia-y-jara-family-in-mallorca\/","url":"https:\/\/victorlax.net\/es\/familia\/claudia-y-jara-family-in-mallorca\/","name":"Claudia, Jara & Family en Mallorca - VictorLax","isPartOf":{"@id":"https:\/\/victorlax.net\/es\/#website"},"datePublished":"2018-06-21T09:00:13+00:00","dateModified":"2023-06-08T11:26:29+00:00","author":{"@id":"https:\/\/victorlax.net\/es\/#\/schema\/person\/78816daac500350703788a4da6d809a5"},"description":"Qu\u00e9 gran experiencia el poder fotografiar a nuestros amigos Susana & Fabi\u00e1n y las incre\u00edbles Claudia y Jara en Mallorca durante un d\u00eda entero.","breadcrumb":{"@id":"https:\/\/victorlax.net\/es\/familia\/claudia-y-jara-family-in-mallorca\/#breadcrumb"},"inLanguage":"es","potentialAction":[{"@type":"ReadAction","target":["https:\/\/victorlax.net\/es\/familia\/claudia-y-jara-family-in-mallorca\/"]}]},{"@type":"BreadcrumbList","@id":"https:\/\/victorlax.net\/es\/familia\/claudia-y-jara-family-in-mallorca\/#breadcrumb","itemListElement":[{"@type":"ListItem","position":1,"name":"Inicio","item":"https:\/\/victorlax.net\/es\/"},{"@type":"ListItem","position":2,"name":"Claudia, Jara &#038; Family en Mallorca"}]},{"@type":"WebSite","@id":"https:\/\/victorlax.net\/es\/#website","url":"https:\/\/victorlax.net\/es\/","name":"VictorLax","description":"Convertimos tu boda en una obra de arte","potentialAction":[{"@type":"SearchAction","target":{"@type":"EntryPoint","urlTemplate":"https:\/\/victorlax.net\/es\/?s={search_term_string}"},"query-input":"required name=search_term_string"}],"inLanguage":"es"},{"@type":"Person","@id":"https:\/\/victorlax.net\/es\/#\/schema\/person\/78816daac500350703788a4da6d809a5","name":"Superadmin","sameAs":["https:\/\/victorlax.net"]}]}},"_links":{"self":[{"href":"https:\/\/victorlax.net\/es\/wp-json\/wp\/v2\/posts\/16790"}],"collection":[{"href":"https:\/\/victorlax.net\/es\/wp-json\/wp\/v2\/posts"}],"about":[{"href":"https:\/\/victorlax.net\/es\/wp-json\/wp\/v2\/types\/post"}],"author":[{"embeddable":true,"href":"https:\/\/victorlax.net\/es\/wp-json\/wp\/v2\/users\/1"}],"replies":[{"embeddable":true,"href":"https:\/\/victorlax.net\/es\/wp-json\/wp\/v2\/comments?post=16790"}],"version-history":[{"count":1,"href":"https:\/\/victorlax.net\/es\/wp-json\/wp\/v2\/posts\/16790\/revisions"}],"predecessor-version":[{"id":34353,"href":"https:\/\/victorlax.net\/es\/wp-json\/wp\/v2\/posts\/16790\/revisions\/34353"}],"wp:featuredmedia":[{"embeddable":true,"href":"https:\/\/victorlax.net\/es\/wp-json\/wp\/v2\/media\/16762"}],"wp:attachment":[{"href":"https:\/\/victorlax.net\/es\/wp-json\/wp\/v2\/media?parent=16790"}],"wp:term":[{"taxonomy":"category","embeddable":true,"href":"https:\/\/victorlax.net\/es\/wp-json\/wp\/v2\/categories?post=16790"},{"taxonomy":"post_tag","embeddable":true,"href":"https:\/\/victorlax.net\/es\/wp-json\/wp\/v2\/tags?post=16790"}],"curies":[{"name":"wp","href":"https:\/\/api.w.org\/{rel}","templated":true}]}}