{"id":16858,"date":"2018-09-04T09:05:47","date_gmt":"2018-09-04T07:05:47","guid":{"rendered":"https:\/\/victorlax.net\/laxws-2019-26-27-enero-madrid\/"},"modified":"2023-06-08T13:26:24","modified_gmt":"2023-06-08T11:26:24","slug":"laxws-2019-26-27-enero-madrid","status":"publish","type":"post","link":"https:\/\/victorlax.net\/es\/cursos\/laxws-2019-26-27-enero-madrid\/","title":{"rendered":"Laxws 2019 | 2-3 Febrero | Madrid"},"content":{"rendered":"<p>Tras el \u00e9xito de la primera convocatoria del taller y al quedar completas todas las plazas en menos de 24 horas y ver como algunas personas muy interesadas se quedaban sin su plaza, hemos decidido lanzar una segunda y \u00faltima fecha el 2 y 3 de febrero.<\/p>\n<p>De nuevo hemos elegido Madrid para realizar el taller al qu\u00e9 m\u00e1s cari\u00f1o tenemos y mejores experiencias nos ha tra\u00eddo.<br \/>\nQueremos que sea una <strong>inmersi\u00f3n<\/strong> total de dos d\u00edas donde compartamos todo lo que nos apasiona, nos hace crecer y disfrutar en el camino de la profesi\u00f3n m\u00e1s bella del mundo.<br \/>\nNuestra misi\u00f3n es mostrar nuestra forma de ver la <strong>fotograf\u00eda de bodas<\/strong> y cual es su significado para nosotros. Vamos a contarte todo el m\u00e9todo y flujo de trabajo qu\u00e9 desarrollamos en nuestros reportajes.<\/p>\n<p><img decoding=\"async\" class=\"aligncenter wp-image-10119 size-full\" src=\"https:\/\/victorlax.net\/wp-content\/uploads\/2022\/11\/Post-01-3.jpg\" alt=\"Boda Zaragoza, Victor Lax, fot\u00f3grafo boda Zaragoza, fot\u00f3grafo Zaragoza\" width=\"1920\" height=\"425\"><br \/>\nEste taller est\u00e1 dise\u00f1ado para transmitir todo el recorrido visual hasta llegar a encontrar una <strong>fotograf\u00eda creativa<\/strong> y obtener el m\u00e1ximo partido de \u00e9sta y vamos a dar especial \u00e9nfasis en c\u00f3mo entender la luz y a la vez capturar la atm\u00f3sfera del momento.<\/p>\n<p>Desmenuzaremos al m\u00e1ximo m\u00faltiples momentos de diferentes bodas, analizando al detalle como fotografiamos cada momento y c\u00f3mo resolvimos los problemas que fueron surgiendo en cada momento. Fotografiar bodas es la mezcla perfecta entre captar la realidad del momento, crear magia con la pareja y dejarse la seriedad en casa, \ud83d\ude09 Estos y muchos m\u00e1s son los cimientos de nuestro taller.<\/p>\n<p>Queremos formar el mejor grupo posible, por eso el n\u00famero de plazas se va a limitar a 15 para que as\u00ed cada asistente tenga la posibilidad de preguntar y participar. Adem\u00e1s esta ocasi\u00f3n viene cargada de novedades y nos mudamos a una casa rural de la sierra madrile\u00f1a donde seguro se va a crear una gran experiencia.<\/p>\n<p><img decoding=\"async\" class=\"aligncenter wp-image-10120 size-full\" src=\"https:\/\/victorlax.net\/wp-content\/uploads\/2022\/11\/Post-02-3.jpg\" alt=\"Boda Zaragoza, Victor Lax, fot\u00f3grafo boda Zaragoza, fot\u00f3grafo Zaragoza\" width=\"1920\" height=\"425\"><\/p>\n<p>No dudes en segundo en contactar&nbsp; con nosotros para solicitarnos m\u00e1s informaci\u00f3n y para explicarte m\u00e1s a fondo todos los detalles. Puedes escribirnos&nbsp; directamente a&nbsp;<strong><span class=\"googie_link\">victor<\/span>@<span class=\"googie_link\">victorlax<\/span>.<span class=\"googie_link\">net<\/span><\/strong> , r\u00e1pidamente tendr\u00e1s noticias nuestras.<\/p>\n<p>Te esperamos!<\/p>\n","protected":false},"excerpt":{"rendered":"<p>Tras el \u00e9xito de la primera convocatoria del taller y al quedar completas todas las plazas en menos de 24 horas y ver como algunas personas muy interesadas se quedaban sin su plaza, hemos decidido lanzar una segunda y \u00faltima fecha el 2 y 3 de febrero. De nuevo hemos elegido Madrid para realizar el [&hellip;]<\/p>\n","protected":false},"author":1,"featured_media":16862,"comment_status":"closed","ping_status":"open","sticky":false,"template":"","format":"standard","meta":{"inline_featured_image":false,"footnotes":"","_links_to":"","_links_to_target":""},"categories":[771],"tags":[],"acf":[],"yoast_head":"<!-- This site is optimized with the Yoast SEO plugin v19.10 - https:\/\/yoast.com\/wordpress\/plugins\/seo\/ -->\n<title>Laxws 2019 | Curso fotograf\u00eda | Madrid - Victor Lax cursos<\/title>\n<meta name=\"description\" content=\"Ap\u00fantate al curso de fotograf\u00eda de Victor Lax. No te quedes sin plaza y aprende todo lo que necesitas saber para hacerte fot\u00f3grafo profesional de bodas\" \/>\n<meta name=\"robots\" content=\"index, follow, max-snippet:-1, max-image-preview:large, max-video-preview:-1\" \/>\n<link rel=\"canonical\" href=\"https:\/\/victorlax.net\/es\/cursos\/laxws-2019-26-27-enero-madrid\/\" \/>\n<meta property=\"og:locale\" content=\"es_ES\" \/>\n<meta property=\"og:type\" content=\"article\" \/>\n<meta property=\"og:title\" content=\"Laxws 2019 | Curso fotograf\u00eda | Madrid - Victor Lax cursos\" \/>\n<meta property=\"og:description\" content=\"Ap\u00fantate al curso de fotograf\u00eda de Victor Lax. No te quedes sin plaza y aprende todo lo que necesitas saber para hacerte fot\u00f3grafo profesional de bodas\" \/>\n<meta property=\"og:url\" content=\"https:\/\/victorlax.net\/es\/cursos\/laxws-2019-26-27-enero-madrid\/\" \/>\n<meta property=\"og:site_name\" content=\"VictorLax\" \/>\n<meta property=\"article:published_time\" content=\"2018-09-04T07:05:47+00:00\" \/>\n<meta property=\"article:modified_time\" content=\"2023-06-08T11:26:24+00:00\" \/>\n<meta property=\"og:image\" content=\"https:\/\/victorlax.net\/wp-content\/uploads\/2022\/11\/Laxws19.jpg\" \/>\n\t<meta property=\"og:image:width\" content=\"1920\" \/>\n\t<meta property=\"og:image:height\" content=\"1280\" \/>\n\t<meta property=\"og:image:type\" content=\"image\/jpeg\" \/>\n<meta name=\"author\" content=\"Superadmin\" \/>\n<meta name=\"twitter:card\" content=\"summary_large_image\" \/>\n<meta name=\"twitter:label1\" content=\"Written by\" \/>\n\t<meta name=\"twitter:data1\" content=\"Superadmin\" \/>\n\t<meta name=\"twitter:label2\" content=\"Est. reading time\" \/>\n\t<meta name=\"twitter:data2\" content=\"2 minutes\" \/>\n<!-- \/ Yoast SEO plugin. -->","yoast_head_json":{"title":"Laxws 2019 | Curso fotograf\u00eda | Madrid - Victor Lax cursos","description":"Ap\u00fantate al curso de fotograf\u00eda de Victor Lax. No te quedes sin plaza y aprende todo lo que necesitas saber para hacerte fot\u00f3grafo profesional de bodas","robots":{"index":"index","follow":"follow","max-snippet":"max-snippet:-1","max-image-preview":"max-image-preview:large","max-video-preview":"max-video-preview:-1"},"canonical":"https:\/\/victorlax.net\/es\/cursos\/laxws-2019-26-27-enero-madrid\/","og_locale":"es_ES","og_type":"article","og_title":"Laxws 2019 | Curso fotograf\u00eda | Madrid - Victor Lax cursos","og_description":"Ap\u00fantate al curso de fotograf\u00eda de Victor Lax. No te quedes sin plaza y aprende todo lo que necesitas saber para hacerte fot\u00f3grafo profesional de bodas","og_url":"https:\/\/victorlax.net\/es\/cursos\/laxws-2019-26-27-enero-madrid\/","og_site_name":"VictorLax","article_published_time":"2018-09-04T07:05:47+00:00","article_modified_time":"2023-06-08T11:26:24+00:00","og_image":[{"width":1920,"height":1280,"url":"https:\/\/victorlax.net\/wp-content\/uploads\/2022\/11\/Laxws19.jpg","type":"image\/jpeg"}],"author":"Superadmin","twitter_card":"summary_large_image","twitter_misc":{"Written by":"Superadmin","Est. reading time":"2 minutes"},"schema":{"@context":"https:\/\/schema.org","@graph":[{"@type":"WebPage","@id":"https:\/\/victorlax.net\/es\/cursos\/laxws-2019-26-27-enero-madrid\/","url":"https:\/\/victorlax.net\/es\/cursos\/laxws-2019-26-27-enero-madrid\/","name":"Laxws 2019 | Curso fotograf\u00eda | Madrid - Victor Lax cursos","isPartOf":{"@id":"https:\/\/victorlax.net\/es\/#website"},"datePublished":"2018-09-04T07:05:47+00:00","dateModified":"2023-06-08T11:26:24+00:00","author":{"@id":"https:\/\/victorlax.net\/es\/#\/schema\/person\/78816daac500350703788a4da6d809a5"},"description":"Ap\u00fantate al curso de fotograf\u00eda de Victor Lax. No te quedes sin plaza y aprende todo lo que necesitas saber para hacerte fot\u00f3grafo profesional de bodas","breadcrumb":{"@id":"https:\/\/victorlax.net\/es\/cursos\/laxws-2019-26-27-enero-madrid\/#breadcrumb"},"inLanguage":"es","potentialAction":[{"@type":"ReadAction","target":["https:\/\/victorlax.net\/es\/cursos\/laxws-2019-26-27-enero-madrid\/"]}]},{"@type":"BreadcrumbList","@id":"https:\/\/victorlax.net\/es\/cursos\/laxws-2019-26-27-enero-madrid\/#breadcrumb","itemListElement":[{"@type":"ListItem","position":1,"name":"Inicio","item":"https:\/\/victorlax.net\/es\/"},{"@type":"ListItem","position":2,"name":"Laxws 2019 | 2-3 Febrero | Madrid"}]},{"@type":"WebSite","@id":"https:\/\/victorlax.net\/es\/#website","url":"https:\/\/victorlax.net\/es\/","name":"VictorLax","description":"Convertimos tu boda en una obra de arte","potentialAction":[{"@type":"SearchAction","target":{"@type":"EntryPoint","urlTemplate":"https:\/\/victorlax.net\/es\/?s={search_term_string}"},"query-input":"required name=search_term_string"}],"inLanguage":"es"},{"@type":"Person","@id":"https:\/\/victorlax.net\/es\/#\/schema\/person\/78816daac500350703788a4da6d809a5","name":"Superadmin","sameAs":["https:\/\/victorlax.net"]}]}},"_links":{"self":[{"href":"https:\/\/victorlax.net\/es\/wp-json\/wp\/v2\/posts\/16858"}],"collection":[{"href":"https:\/\/victorlax.net\/es\/wp-json\/wp\/v2\/posts"}],"about":[{"href":"https:\/\/victorlax.net\/es\/wp-json\/wp\/v2\/types\/post"}],"author":[{"embeddable":true,"href":"https:\/\/victorlax.net\/es\/wp-json\/wp\/v2\/users\/1"}],"replies":[{"embeddable":true,"href":"https:\/\/victorlax.net\/es\/wp-json\/wp\/v2\/comments?post=16858"}],"version-history":[{"count":1,"href":"https:\/\/victorlax.net\/es\/wp-json\/wp\/v2\/posts\/16858\/revisions"}],"predecessor-version":[{"id":29331,"href":"https:\/\/victorlax.net\/es\/wp-json\/wp\/v2\/posts\/16858\/revisions\/29331"}],"wp:featuredmedia":[{"embeddable":true,"href":"https:\/\/victorlax.net\/es\/wp-json\/wp\/v2\/media\/16862"}],"wp:attachment":[{"href":"https:\/\/victorlax.net\/es\/wp-json\/wp\/v2\/media?parent=16858"}],"wp:term":[{"taxonomy":"category","embeddable":true,"href":"https:\/\/victorlax.net\/es\/wp-json\/wp\/v2\/categories?post=16858"},{"taxonomy":"post_tag","embeddable":true,"href":"https:\/\/victorlax.net\/es\/wp-json\/wp\/v2\/tags?post=16858"}],"curies":[{"name":"wp","href":"https:\/\/api.w.org\/{rel}","templated":true}]}}