{"id":17628,"date":"2021-12-30T06:13:19","date_gmt":"2021-12-30T05:13:19","guid":{"rendered":"https:\/\/victorlax.net\/looking-back-2021\/"},"modified":"2023-06-08T13:26:02","modified_gmt":"2023-06-08T11:26:02","slug":"looking-back-2021","status":"publish","type":"post","link":"https:\/\/victorlax.net\/es\/fotografos-de-bodas\/looking-back-2021\/","title":{"rendered":"Recordando 2021"},"content":{"rendered":"<p>&nbsp;<\/p>\n<p style=\"text-align: center;\"><iframe src=\"https:\/\/player.vimeo.com\/video\/660932066\" width=\"800\" height=\"450\" frameborder=\"0\" allowfullscreen=\"allowfullscreen\">&lt;span data-mce-type=&#8221;bookmark&#8221; style=&#8221;display: inline-block; width: 0px; overflow: hidden; line-height: 0;&#8221; class=&#8221;mce_SELRES_start&#8221;&gt;\ufeff&lt;\/span&gt;<\/iframe><\/p>\n<p>&nbsp;<\/p>\n<p>He pensado varias veces en c\u00f3mo empezar a escribir este texto y a\u00fan no estoy seguro de que \u00e9ste sea el adecuado. No lo voy a negar, lo m\u00edo son las fotos, no las palabras.<br \/>\nHe tenido que ver varias veces este pase de diapositivas (que ha hecho Erika) para encontrar la inspiraci\u00f3n que necesitaba. No os voy a enga\u00f1ar, no he contado las veces que lo he visto ya y cada vez creo que he re\u00eddo y llorado a partes iguales.<br \/>\nNo me voy a esconder, no ha sido un a\u00f1o f\u00e1cil. Un a\u00f1o lleno de picos y valles. Un a\u00f1o en el que por momentos he pensado que todo se iba a la mierda y un a\u00f1o en el que por momentos hemos visto la luz. Al fin y al cabo, eso es lo bonito de la vida, \u00bfno? Hay quien dice que para saborear los grandes momentos, primero hay que vivir otro tipo de experiencias, a veces no tan agradables. Pero sin duda, visto con perspectiva, nos quedamos con todo lo positivo y con todo lo bonito que hemos vivido.<\/p>\n<h2>Este viaje habr\u00eda sido imposible sin ti<\/h2>\n<p>A ti, que a pesar de vivir en la otra parte de Espa\u00f1a o del mundo contactaste con nosotros para fotografiar tu boda y a ti, que como fot\u00f3grafo de bodas te apuntaste a uno de nuestros talleres para ser mejor fot\u00f3grafo de bodas, queremos darte el mayor de los abrazos. Hab\u00e9is hecho realidad nuestros sue\u00f1os y hab\u00e9is formado parte de cada una de nuestras experiencias. No queremos olvidarnos de nuestra querida comunidad fotogr\u00e1fica, pero queremos agradecer de coraz\u00f3n a todas nuestras parejas. Son los \u00fanicos h\u00e9roes de esta historia y han tenido el valor de casarse cuando a veces las condiciones no eran favorables y todo estaba en contra. Todos ustedes nos han dado la oportunidad de crecer no s\u00f3lo como personas sino tambi\u00e9n como profesionales y nunca lo olvidaremos<\/p>\n<h2>2021&nbsp; ha sido una aventura muy loca como fot\u00f3grafos de bodas.<\/h2>\n<p>Nuestra carrera como fot\u00f3grafos de bodas siempre ha estado ligada a los viajes por el mundo. Hoy m\u00e1s que nunca, viajar es una aventura que a veces puede ser frustrante. Sin embargo, hemos tenido la suerte de volver a visitar pa\u00edses como Portugal, Irlanda, Italia, Francia, Colombia y M\u00e9xico. No s\u00f3lo fotografiando bodas incre\u00edbles, sino tambi\u00e9n impartiendo talleres o incluso tom\u00e1ndonos unas peque\u00f1as vacaciones para intentar relajarnos, aunque curiosamente ocurr\u00eda lo contrario, jajaja. A pesar de todas estas limitaciones nunca dimos un paso atr\u00e1s, cada viaje nos trajo nuevas experiencias que nunca olvidaremos.<\/p>\n<h2>Estamos eternamente agradecidos con nuestra familia y amigos<\/h2>\n<p>Puede parecer demasiado obvio, pero hubiera sido imposible recorrer este camino sin las personas que nos han acompa\u00f1ado y ayudado en todo momento. Especialmente a nuestras familias, a los padres de Erika, a mis padres, a nuestros hermanos. Y por supuesto, a todos nuestros amigos que nos han apoyado y reconfortado durante todo este a\u00f1o. Gracias Bel\u00e9n Lopez, Alberto Roldan, Javier Rojas, Israel Luri, Marie de Ama Conceils, todo el equipo de Dreambookspro, Citlalli Rico, Tino Soriano, Angel de Castro, Jay Doherty, Franck Boutonnet, Rocio Vega, Fabio Mirulla, Christian Cardona, Juy\u00e1 Gentil, Axel, Juli\u00e1n Barreto, Jorge Romero, TAE DE Be here Project, Giuseppe Genovese, Guille y Marta de Ensu Video, Carol Guzik, Natan Sans, Lali Cabani, Marcos Rama, Toni Segui, Natalia de Lig\u00fcerre, V\u00edctor Linares, Pablo Laguia, Seraf\u00edn Castillo, Santiago Cayuela, Alfredo de Foto Ruano, I\u00f1aki Lungar\u00e1n ,Victor Mart\u00ed y todos los seguidores de Patreons. Todos ellos no s\u00f3lo han formado parte de nuestra vida personal sino que han sido de gran ayuda en nuestra vida como fot\u00f3grafos de bodas. Siempre en nuestros corazones. (espero no olvidarme de nadie).<\/p>\n<p>V\u00edctor, Erika &amp; Leo<\/p>\n<p>&nbsp;<\/p>\n","protected":false},"excerpt":{"rendered":"<p>&nbsp; &lt;span data-mce-type=&#8221;bookmark&#8221; style=&#8221;display: inline-block; width: 0px; overflow: hidden; line-height: 0;&#8221; class=&#8221;mce_SELRES_start&#8221;&gt;\ufeff&lt;\/span&gt; &nbsp; He pensado varias veces en c\u00f3mo empezar a escribir este texto y a\u00fan no estoy seguro de que \u00e9ste sea el adecuado. No lo voy a negar, lo m\u00edo son las fotos, no las palabras. He tenido que ver varias veces este [&hellip;]<\/p>\n","protected":false},"author":1,"featured_media":17629,"comment_status":"closed","ping_status":"open","sticky":false,"template":"","format":"standard","meta":{"inline_featured_image":false,"footnotes":"","_links_to":"","_links_to_target":""},"categories":[733],"tags":[800,503,801],"acf":[],"yoast_head":"<!-- This site is optimized with the Yoast SEO plugin v19.10 - https:\/\/yoast.com\/wordpress\/plugins\/seo\/ -->\n<title>Recordando 2021, eternamente agradecidos | VictorLax<\/title>\n<meta name=\"description\" content=\"Hacemos un repaso a nuestra gran aventura como fot\u00f3grafos de bodas durante 2021: \u00a1eternamente agradecidos a todas las parejas con las que hemos trabajado!\" \/>\n<meta name=\"robots\" content=\"index, follow, max-snippet:-1, max-image-preview:large, max-video-preview:-1\" \/>\n<link rel=\"canonical\" href=\"https:\/\/victorlax.net\/es\/fotografos-de-bodas\/looking-back-2021\/\" \/>\n<meta property=\"og:locale\" content=\"es_ES\" \/>\n<meta property=\"og:type\" content=\"article\" \/>\n<meta property=\"og:title\" content=\"Recordando 2021, eternamente agradecidos | VictorLax\" \/>\n<meta property=\"og:description\" content=\"Hacemos un repaso a nuestra gran aventura como fot\u00f3grafos de bodas durante 2021: \u00a1eternamente agradecidos a todas las parejas con las que hemos trabajado!\" \/>\n<meta property=\"og:url\" content=\"https:\/\/victorlax.net\/es\/fotografos-de-bodas\/looking-back-2021\/\" \/>\n<meta property=\"og:site_name\" content=\"VictorLax\" \/>\n<meta property=\"article:published_time\" content=\"2021-12-30T05:13:19+00:00\" \/>\n<meta property=\"article:modified_time\" content=\"2023-06-08T11:26:02+00:00\" \/>\n<meta property=\"og:image\" content=\"https:\/\/victorlax.net\/wp-content\/uploads\/2022\/11\/LAX7603-scaled.jpg\" \/>\n\t<meta property=\"og:image:width\" content=\"2560\" \/>\n\t<meta property=\"og:image:height\" content=\"1707\" \/>\n\t<meta property=\"og:image:type\" content=\"image\/jpeg\" \/>\n<meta name=\"author\" content=\"Superadmin\" \/>\n<meta name=\"twitter:card\" content=\"summary_large_image\" \/>\n<meta name=\"twitter:label1\" content=\"Written by\" \/>\n\t<meta name=\"twitter:data1\" content=\"Superadmin\" \/>\n\t<meta name=\"twitter:label2\" content=\"Est. reading time\" \/>\n\t<meta name=\"twitter:data2\" content=\"3 minutes\" \/>\n<!-- \/ Yoast SEO plugin. -->","yoast_head_json":{"title":"Recordando 2021, eternamente agradecidos | VictorLax","description":"Hacemos un repaso a nuestra gran aventura como fot\u00f3grafos de bodas durante 2021: \u00a1eternamente agradecidos a todas las parejas con las que hemos trabajado!","robots":{"index":"index","follow":"follow","max-snippet":"max-snippet:-1","max-image-preview":"max-image-preview:large","max-video-preview":"max-video-preview:-1"},"canonical":"https:\/\/victorlax.net\/es\/fotografos-de-bodas\/looking-back-2021\/","og_locale":"es_ES","og_type":"article","og_title":"Recordando 2021, eternamente agradecidos | VictorLax","og_description":"Hacemos un repaso a nuestra gran aventura como fot\u00f3grafos de bodas durante 2021: \u00a1eternamente agradecidos a todas las parejas con las que hemos trabajado!","og_url":"https:\/\/victorlax.net\/es\/fotografos-de-bodas\/looking-back-2021\/","og_site_name":"VictorLax","article_published_time":"2021-12-30T05:13:19+00:00","article_modified_time":"2023-06-08T11:26:02+00:00","og_image":[{"width":2560,"height":1707,"url":"https:\/\/victorlax.net\/wp-content\/uploads\/2022\/11\/LAX7603-scaled.jpg","type":"image\/jpeg"}],"author":"Superadmin","twitter_card":"summary_large_image","twitter_misc":{"Written by":"Superadmin","Est. reading time":"3 minutes"},"schema":{"@context":"https:\/\/schema.org","@graph":[{"@type":"WebPage","@id":"https:\/\/victorlax.net\/es\/fotografos-de-bodas\/looking-back-2021\/","url":"https:\/\/victorlax.net\/es\/fotografos-de-bodas\/looking-back-2021\/","name":"Recordando 2021, eternamente agradecidos | VictorLax","isPartOf":{"@id":"https:\/\/victorlax.net\/es\/#website"},"datePublished":"2021-12-30T05:13:19+00:00","dateModified":"2023-06-08T11:26:02+00:00","author":{"@id":"https:\/\/victorlax.net\/es\/#\/schema\/person\/78816daac500350703788a4da6d809a5"},"description":"Hacemos un repaso a nuestra gran aventura como fot\u00f3grafos de bodas durante 2021: \u00a1eternamente agradecidos a todas las parejas con las que hemos trabajado!","breadcrumb":{"@id":"https:\/\/victorlax.net\/es\/fotografos-de-bodas\/looking-back-2021\/#breadcrumb"},"inLanguage":"es","potentialAction":[{"@type":"ReadAction","target":["https:\/\/victorlax.net\/es\/fotografos-de-bodas\/looking-back-2021\/"]}]},{"@type":"BreadcrumbList","@id":"https:\/\/victorlax.net\/es\/fotografos-de-bodas\/looking-back-2021\/#breadcrumb","itemListElement":[{"@type":"ListItem","position":1,"name":"Inicio","item":"https:\/\/victorlax.net\/es\/"},{"@type":"ListItem","position":2,"name":"Recordando 2021"}]},{"@type":"WebSite","@id":"https:\/\/victorlax.net\/es\/#website","url":"https:\/\/victorlax.net\/es\/","name":"VictorLax","description":"Convertimos tu boda en una obra de arte","potentialAction":[{"@type":"SearchAction","target":{"@type":"EntryPoint","urlTemplate":"https:\/\/victorlax.net\/es\/?s={search_term_string}"},"query-input":"required name=search_term_string"}],"inLanguage":"es"},{"@type":"Person","@id":"https:\/\/victorlax.net\/es\/#\/schema\/person\/78816daac500350703788a4da6d809a5","name":"Superadmin","sameAs":["https:\/\/victorlax.net"]}]}},"_links":{"self":[{"href":"https:\/\/victorlax.net\/es\/wp-json\/wp\/v2\/posts\/17628"}],"collection":[{"href":"https:\/\/victorlax.net\/es\/wp-json\/wp\/v2\/posts"}],"about":[{"href":"https:\/\/victorlax.net\/es\/wp-json\/wp\/v2\/types\/post"}],"author":[{"embeddable":true,"href":"https:\/\/victorlax.net\/es\/wp-json\/wp\/v2\/users\/1"}],"replies":[{"embeddable":true,"href":"https:\/\/victorlax.net\/es\/wp-json\/wp\/v2\/comments?post=17628"}],"version-history":[{"count":1,"href":"https:\/\/victorlax.net\/es\/wp-json\/wp\/v2\/posts\/17628\/revisions"}],"predecessor-version":[{"id":30683,"href":"https:\/\/victorlax.net\/es\/wp-json\/wp\/v2\/posts\/17628\/revisions\/30683"}],"wp:featuredmedia":[{"embeddable":true,"href":"https:\/\/victorlax.net\/es\/wp-json\/wp\/v2\/media\/17629"}],"wp:attachment":[{"href":"https:\/\/victorlax.net\/es\/wp-json\/wp\/v2\/media?parent=17628"}],"wp:term":[{"taxonomy":"category","embeddable":true,"href":"https:\/\/victorlax.net\/es\/wp-json\/wp\/v2\/categories?post=17628"},{"taxonomy":"post_tag","embeddable":true,"href":"https:\/\/victorlax.net\/es\/wp-json\/wp\/v2\/tags?post=17628"}],"curies":[{"name":"wp","href":"https:\/\/api.w.org\/{rel}","templated":true}]}}