{"id":26752,"date":"2023-01-03T07:54:56","date_gmt":"2023-01-03T06:54:56","guid":{"rendered":"https:\/\/victorlax.net\/?p=26752"},"modified":"2023-06-08T13:25:52","modified_gmt":"2023-06-08T11:25:52","slug":"jess-cons-wedding-at-castell-de-bendinat-in-mallorca","status":"publish","type":"post","link":"https:\/\/victorlax.net\/es\/fotografos-de-bodas\/jess-cons-wedding-at-castell-de-bendinat-in-mallorca\/","title":{"rendered":"Jess &#038; Cons | Castell de Bendinat, Mallorca."},"content":{"rendered":"<style>\/*! elementor - v3.8.1 - 13-11-2022 *\/<br \/>\n.elementor-heading-title{padding:0;margin:0;line-height:1}.elementor-widget-heading .elementor-heading-title[class*=elementor-size-]>a{color:inherit;font-size:inherit;line-height:inherit}.elementor-widget-heading .elementor-heading-title.elementor-size-small{font-size:15px}.elementor-widget-heading .elementor-heading-title.elementor-size-medium{font-size:19px}.elementor-widget-heading .elementor-heading-title.elementor-size-large{font-size:29px}.elementor-widget-heading .elementor-heading-title.elementor-size-xl{font-size:39px}.elementor-widget-heading .elementor-heading-title.elementor-size-xxl{font-size:59px}<\/style>\n<h1>La incre\u00edble boda de Jess &amp; Cons en el Castell de Bendinat de Mallorca.<\/h1>\n<p>Es hora de ense\u00f1aros una boda super bonita que Erika y yo fotografiamos en Castell de Bendinat en Mallorca.<\/p>\n<p>Jess &amp; Cons, una encantadora pareja filipino-alemana eligieron Mallorca como lugar para su boda. La elecci\u00f3n de Mallorca no fue casual, ambos tienen un v\u00ednculo especial con la isla ya que han pasado muchos veranos all\u00ed. Adem\u00e1s, parte de sus familias viven en la isla.<\/p>\n<p>Ellos celebraron algo m\u00e1s que una boda, vivieron un fin de semana inolvidable donde la boda se convirti\u00f3 en una experiencia \u00fanica no s\u00f3lo para ellos sino tambi\u00e9n para todos sus invitados.<\/p>\n<p>Jess y Cons organizaron diferentes actividades para todos sus invitados durante todo el fin de semana. El viernes celebraron una fiesta de convivencia con todos sus invitados en una preciosa Villa. Os podemos asegurar que la fiesta acab\u00f3 en la piscina, :). Adem\u00e1s, el domingo, la pareja invit\u00f3 a todos a un brunch en Beso Beach. Como veis, fue toda una experiencia.<\/p>\n<p>A Erika y a m\u00ed nos encanta fotografiar este tipo de bodas porque no s\u00f3lo podemos conocer mejor a los novios y a sus invitados sino que adem\u00e1s podemos contar una historia \u00fanica.<\/p>\n<p>A continuaci\u00f3n pod\u00e9is ver algunas de nuestras fotos favoritas de la boda de Jess &amp; Cons en Castell de Bendinat. \u00a1\u00a1\u00a1No os la pod\u00e9is perder!!!<\/p>\n<p><img decoding=\"async\" src=\"https:\/\/victorlax.net\/wp-content\/uploads\/2023\/01\/2-1024x683.jpg\" sizes=\"(max-width: 1024px) 100vw, 1024px\" srcset=\"https:\/\/victorlax.net\/wp-content\/uploads\/2023\/01\/2-1024x683.jpg 1024w, https:\/\/victorlax.net\/wp-content\/uploads\/2023\/01\/2-300x200.jpg 300w, https:\/\/victorlax.net\/wp-content\/uploads\/2023\/01\/2-150x100.jpg 150w, https:\/\/victorlax.net\/wp-content\/uploads\/2023\/01\/2-768x512.jpg 768w, https:\/\/victorlax.net\/wp-content\/uploads\/2023\/01\/2-1536x1024.jpg 1536w, https:\/\/victorlax.net\/wp-content\/uploads\/2023\/01\/2-526x351.jpg 526w, https:\/\/victorlax.net\/wp-content\/uploads\/2023\/01\/2-1052x701.jpg 1052w, https:\/\/victorlax.net\/wp-content\/uploads\/2023\/01\/2-120x80.jpg 120w, https:\/\/victorlax.net\/wp-content\/uploads\/2023\/01\/2.jpg 1920w\" alt=\"Castell de Bendinat, Castell de Bendinat wedding, Castell de Bendinat Mallorca, Mallorca wedding photographer, Best wedding photographer in Mallorca\" width=\"1024\" height=\"683\"><br \/>\n<img decoding=\"async\" src=\"https:\/\/victorlax.net\/wp-content\/uploads\/2023\/01\/3-1024x683.jpg\" sizes=\"(max-width: 1024px) 100vw, 1024px\" srcset=\"https:\/\/victorlax.net\/wp-content\/uploads\/2023\/01\/3-1024x683.jpg 1024w, https:\/\/victorlax.net\/wp-content\/uploads\/2023\/01\/3-300x200.jpg 300w, https:\/\/victorlax.net\/wp-content\/uploads\/2023\/01\/3-150x100.jpg 150w, https:\/\/victorlax.net\/wp-content\/uploads\/2023\/01\/3-768x512.jpg 768w, https:\/\/victorlax.net\/wp-content\/uploads\/2023\/01\/3-1536x1024.jpg 1536w, https:\/\/victorlax.net\/wp-content\/uploads\/2023\/01\/3-526x351.jpg 526w, https:\/\/victorlax.net\/wp-content\/uploads\/2023\/01\/3-1052x701.jpg 1052w, https:\/\/victorlax.net\/wp-content\/uploads\/2023\/01\/3-120x80.jpg 120w, https:\/\/victorlax.net\/wp-content\/uploads\/2023\/01\/3.jpg 1920w\" alt=\"Castell de Bendinat, Castell de Bendinat wedding, Castell de Bendinat Mallorca, Mallorca wedding photographer, Best wedding photographer in Mallorca\" width=\"1024\" height=\"683\"><br \/>\n<img decoding=\"async\" src=\"https:\/\/victorlax.net\/wp-content\/uploads\/2023\/01\/4-1024x683.jpg\" sizes=\"(max-width: 1024px) 100vw, 1024px\" srcset=\"https:\/\/victorlax.net\/wp-content\/uploads\/2023\/01\/4-1024x683.jpg 1024w, https:\/\/victorlax.net\/wp-content\/uploads\/2023\/01\/4-300x200.jpg 300w, https:\/\/victorlax.net\/wp-content\/uploads\/2023\/01\/4-150x100.jpg 150w, https:\/\/victorlax.net\/wp-content\/uploads\/2023\/01\/4-768x512.jpg 768w, https:\/\/victorlax.net\/wp-content\/uploads\/2023\/01\/4-1536x1024.jpg 1536w, https:\/\/victorlax.net\/wp-content\/uploads\/2023\/01\/4-526x351.jpg 526w, https:\/\/victorlax.net\/wp-content\/uploads\/2023\/01\/4-1052x701.jpg 1052w, https:\/\/victorlax.net\/wp-content\/uploads\/2023\/01\/4-120x80.jpg 120w, https:\/\/victorlax.net\/wp-content\/uploads\/2023\/01\/4.jpg 1920w\" alt=\"Castell de Bendinat, Castell de Bendinat wedding, Castell de Bendinat Mallorca, Mallorca wedding photographer, Best wedding photographer in Mallorca\" width=\"1024\" height=\"683\"><br \/>\n<img decoding=\"async\" src=\"https:\/\/victorlax.net\/wp-content\/uploads\/2023\/01\/5-1024x683.jpg\" sizes=\"(max-width: 1024px) 100vw, 1024px\" srcset=\"https:\/\/victorlax.net\/wp-content\/uploads\/2023\/01\/5-1024x683.jpg 1024w, https:\/\/victorlax.net\/wp-content\/uploads\/2023\/01\/5-300x200.jpg 300w, https:\/\/victorlax.net\/wp-content\/uploads\/2023\/01\/5-150x100.jpg 150w, https:\/\/victorlax.net\/wp-content\/uploads\/2023\/01\/5-768x512.jpg 768w, https:\/\/victorlax.net\/wp-content\/uploads\/2023\/01\/5-1536x1024.jpg 1536w, https:\/\/victorlax.net\/wp-content\/uploads\/2023\/01\/5-526x351.jpg 526w, https:\/\/victorlax.net\/wp-content\/uploads\/2023\/01\/5-1052x701.jpg 1052w, https:\/\/victorlax.net\/wp-content\/uploads\/2023\/01\/5-120x80.jpg 120w, https:\/\/victorlax.net\/wp-content\/uploads\/2023\/01\/5.jpg 1920w\" alt=\"Castell de Bendinat, Castell de Bendinat wedding, Castell de Bendinat Mallorca, Mallorca wedding photographer, Best wedding photographer in Mallorca\" width=\"1024\" height=\"683\"><br \/>\n<img decoding=\"async\" src=\"https:\/\/victorlax.net\/wp-content\/uploads\/2023\/01\/6-1024x683.jpg\" sizes=\"(max-width: 1024px) 100vw, 1024px\" srcset=\"https:\/\/victorlax.net\/wp-content\/uploads\/2023\/01\/6-1024x683.jpg 1024w, https:\/\/victorlax.net\/wp-content\/uploads\/2023\/01\/6-300x200.jpg 300w, https:\/\/victorlax.net\/wp-content\/uploads\/2023\/01\/6-150x100.jpg 150w, https:\/\/victorlax.net\/wp-content\/uploads\/2023\/01\/6-768x512.jpg 768w, https:\/\/victorlax.net\/wp-content\/uploads\/2023\/01\/6-1536x1024.jpg 1536w, https:\/\/victorlax.net\/wp-content\/uploads\/2023\/01\/6-526x351.jpg 526w, https:\/\/victorlax.net\/wp-content\/uploads\/2023\/01\/6-1052x701.jpg 1052w, https:\/\/victorlax.net\/wp-content\/uploads\/2023\/01\/6-120x80.jpg 120w, https:\/\/victorlax.net\/wp-content\/uploads\/2023\/01\/6.jpg 1920w\" alt=\"Castell de Bendinat, Castell de Bendinat wedding, Castell de Bendinat Mallorca, Mallorca wedding photographer, Best wedding photographer in Mallorca\" width=\"1024\" height=\"683\"><br \/>\n<img decoding=\"async\" src=\"https:\/\/victorlax.net\/wp-content\/uploads\/2023\/01\/7-1024x683.jpg\" sizes=\"(max-width: 1024px) 100vw, 1024px\" srcset=\"https:\/\/victorlax.net\/wp-content\/uploads\/2023\/01\/7-1024x683.jpg 1024w, https:\/\/victorlax.net\/wp-content\/uploads\/2023\/01\/7-300x200.jpg 300w, https:\/\/victorlax.net\/wp-content\/uploads\/2023\/01\/7-150x100.jpg 150w, https:\/\/victorlax.net\/wp-content\/uploads\/2023\/01\/7-768x512.jpg 768w, https:\/\/victorlax.net\/wp-content\/uploads\/2023\/01\/7-1536x1024.jpg 1536w, https:\/\/victorlax.net\/wp-content\/uploads\/2023\/01\/7-526x351.jpg 526w, https:\/\/victorlax.net\/wp-content\/uploads\/2023\/01\/7-1052x701.jpg 1052w, https:\/\/victorlax.net\/wp-content\/uploads\/2023\/01\/7-120x80.jpg 120w, https:\/\/victorlax.net\/wp-content\/uploads\/2023\/01\/7.jpg 1920w\" alt=\"Castell de Bendinat, Castell de Bendinat wedding, Castell de Bendinat Mallorca, Mallorca wedding photographer, Best wedding photographer in Mallorca\" width=\"1024\" height=\"683\"><br \/>\n<img decoding=\"async\" src=\"https:\/\/victorlax.net\/wp-content\/uploads\/2023\/01\/8-1024x683.jpg\" sizes=\"(max-width: 1024px) 100vw, 1024px\" srcset=\"https:\/\/victorlax.net\/wp-content\/uploads\/2023\/01\/8-1024x683.jpg 1024w, https:\/\/victorlax.net\/wp-content\/uploads\/2023\/01\/8-300x200.jpg 300w, https:\/\/victorlax.net\/wp-content\/uploads\/2023\/01\/8-150x100.jpg 150w, https:\/\/victorlax.net\/wp-content\/uploads\/2023\/01\/8-768x512.jpg 768w, https:\/\/victorlax.net\/wp-content\/uploads\/2023\/01\/8-1536x1024.jpg 1536w, https:\/\/victorlax.net\/wp-content\/uploads\/2023\/01\/8-526x351.jpg 526w, https:\/\/victorlax.net\/wp-content\/uploads\/2023\/01\/8-1052x701.jpg 1052w, https:\/\/victorlax.net\/wp-content\/uploads\/2023\/01\/8-120x80.jpg 120w, https:\/\/victorlax.net\/wp-content\/uploads\/2023\/01\/8.jpg 1920w\" alt=\"Castell de Bendinat, Castell de Bendinat wedding, Castell de Bendinat Mallorca, Mallorca wedding photographer, Best wedding photographer in Mallorca\" width=\"1024\" height=\"683\"><br \/>\n<img decoding=\"async\" src=\"https:\/\/victorlax.net\/wp-content\/uploads\/2023\/01\/9-1024x683.jpg\" sizes=\"(max-width: 1024px) 100vw, 1024px\" srcset=\"https:\/\/victorlax.net\/wp-content\/uploads\/2023\/01\/9-1024x683.jpg 1024w, https:\/\/victorlax.net\/wp-content\/uploads\/2023\/01\/9-300x200.jpg 300w, https:\/\/victorlax.net\/wp-content\/uploads\/2023\/01\/9-150x100.jpg 150w, https:\/\/victorlax.net\/wp-content\/uploads\/2023\/01\/9-768x512.jpg 768w, https:\/\/victorlax.net\/wp-content\/uploads\/2023\/01\/9-1536x1024.jpg 1536w, https:\/\/victorlax.net\/wp-content\/uploads\/2023\/01\/9-526x351.jpg 526w, https:\/\/victorlax.net\/wp-content\/uploads\/2023\/01\/9-1052x701.jpg 1052w, https:\/\/victorlax.net\/wp-content\/uploads\/2023\/01\/9-120x80.jpg 120w, https:\/\/victorlax.net\/wp-content\/uploads\/2023\/01\/9.jpg 1920w\" alt=\"Castell de Bendinat, Castell de Bendinat wedding, Castell de Bendinat Mallorca, Mallorca wedding photographer, Best wedding photographer in Mallorca\" width=\"1024\" height=\"683\"><br \/>\n<img decoding=\"async\" src=\"https:\/\/victorlax.net\/wp-content\/uploads\/2023\/01\/10-1024x683.jpg\" sizes=\"(max-width: 1024px) 100vw, 1024px\" srcset=\"https:\/\/victorlax.net\/wp-content\/uploads\/2023\/01\/10-1024x683.jpg 1024w, https:\/\/victorlax.net\/wp-content\/uploads\/2023\/01\/10-300x200.jpg 300w, https:\/\/victorlax.net\/wp-content\/uploads\/2023\/01\/10-150x100.jpg 150w, https:\/\/victorlax.net\/wp-content\/uploads\/2023\/01\/10-768x512.jpg 768w, https:\/\/victorlax.net\/wp-content\/uploads\/2023\/01\/10-1536x1024.jpg 1536w, https:\/\/victorlax.net\/wp-content\/uploads\/2023\/01\/10-526x351.jpg 526w, https:\/\/victorlax.net\/wp-content\/uploads\/2023\/01\/10-1052x701.jpg 1052w, https:\/\/victorlax.net\/wp-content\/uploads\/2023\/01\/10-120x80.jpg 120w, https:\/\/victorlax.net\/wp-content\/uploads\/2023\/01\/10.jpg 1920w\" alt=\"Castell de Bendinat, Castell de Bendinat wedding, Castell de Bendinat Mallorca, Mallorca wedding photographer, Best wedding photographer in Mallorca\" width=\"1024\" height=\"683\"><br \/>\n<img decoding=\"async\" src=\"https:\/\/victorlax.net\/wp-content\/uploads\/2023\/01\/11-1024x683.jpg\" sizes=\"(max-width: 1024px) 100vw, 1024px\" srcset=\"https:\/\/victorlax.net\/wp-content\/uploads\/2023\/01\/11-1024x683.jpg 1024w, https:\/\/victorlax.net\/wp-content\/uploads\/2023\/01\/11-300x200.jpg 300w, https:\/\/victorlax.net\/wp-content\/uploads\/2023\/01\/11-150x100.jpg 150w, https:\/\/victorlax.net\/wp-content\/uploads\/2023\/01\/11-768x512.jpg 768w, https:\/\/victorlax.net\/wp-content\/uploads\/2023\/01\/11-1536x1024.jpg 1536w, https:\/\/victorlax.net\/wp-content\/uploads\/2023\/01\/11-526x351.jpg 526w, https:\/\/victorlax.net\/wp-content\/uploads\/2023\/01\/11-1052x701.jpg 1052w, https:\/\/victorlax.net\/wp-content\/uploads\/2023\/01\/11-120x80.jpg 120w, https:\/\/victorlax.net\/wp-content\/uploads\/2023\/01\/11.jpg 1920w\" alt=\"Castell de Bendinat, Castell de Bendinat wedding, Castell de Bendinat Mallorca, Mallorca wedding photographer, Best wedding photographer in Mallorca\" width=\"1024\" height=\"683\"><br \/>\n<img decoding=\"async\" src=\"https:\/\/victorlax.net\/wp-content\/uploads\/2023\/01\/12-1024x683.jpg\" sizes=\"(max-width: 1024px) 100vw, 1024px\" srcset=\"https:\/\/victorlax.net\/wp-content\/uploads\/2023\/01\/12-1024x683.jpg 1024w, https:\/\/victorlax.net\/wp-content\/uploads\/2023\/01\/12-300x200.jpg 300w, https:\/\/victorlax.net\/wp-content\/uploads\/2023\/01\/12-150x100.jpg 150w, https:\/\/victorlax.net\/wp-content\/uploads\/2023\/01\/12-768x512.jpg 768w, https:\/\/victorlax.net\/wp-content\/uploads\/2023\/01\/12-1536x1024.jpg 1536w, https:\/\/victorlax.net\/wp-content\/uploads\/2023\/01\/12-526x351.jpg 526w, https:\/\/victorlax.net\/wp-content\/uploads\/2023\/01\/12-1052x701.jpg 1052w, https:\/\/victorlax.net\/wp-content\/uploads\/2023\/01\/12-120x80.jpg 120w, https:\/\/victorlax.net\/wp-content\/uploads\/2023\/01\/12.jpg 1920w\" alt=\"Castell de Bendinat, Castell de Bendinat wedding, Castell de Bendinat Mallorca, Mallorca wedding photographer, Best wedding photographer in Mallorca\" width=\"1024\" height=\"683\"><br \/>\n<img decoding=\"async\" src=\"https:\/\/victorlax.net\/wp-content\/uploads\/2023\/01\/13-1024x683.jpg\" sizes=\"(max-width: 1024px) 100vw, 1024px\" srcset=\"https:\/\/victorlax.net\/wp-content\/uploads\/2023\/01\/13-1024x683.jpg 1024w, https:\/\/victorlax.net\/wp-content\/uploads\/2023\/01\/13-300x200.jpg 300w, https:\/\/victorlax.net\/wp-content\/uploads\/2023\/01\/13-150x100.jpg 150w, https:\/\/victorlax.net\/wp-content\/uploads\/2023\/01\/13-768x512.jpg 768w, https:\/\/victorlax.net\/wp-content\/uploads\/2023\/01\/13-1536x1024.jpg 1536w, https:\/\/victorlax.net\/wp-content\/uploads\/2023\/01\/13-526x351.jpg 526w, https:\/\/victorlax.net\/wp-content\/uploads\/2023\/01\/13-1052x701.jpg 1052w, https:\/\/victorlax.net\/wp-content\/uploads\/2023\/01\/13-120x80.jpg 120w, https:\/\/victorlax.net\/wp-content\/uploads\/2023\/01\/13.jpg 1920w\" alt=\"Castell de Bendinat, Castell de Bendinat wedding, Castell de Bendinat Mallorca, Mallorca wedding photographer, Best wedding photographer in Mallorca\" width=\"1024\" height=\"683\"><br \/>\n<img decoding=\"async\" src=\"https:\/\/victorlax.net\/wp-content\/uploads\/2023\/01\/14-1024x683.jpg\" sizes=\"(max-width: 1024px) 100vw, 1024px\" srcset=\"https:\/\/victorlax.net\/wp-content\/uploads\/2023\/01\/14-1024x683.jpg 1024w, https:\/\/victorlax.net\/wp-content\/uploads\/2023\/01\/14-300x200.jpg 300w, https:\/\/victorlax.net\/wp-content\/uploads\/2023\/01\/14-150x100.jpg 150w, https:\/\/victorlax.net\/wp-content\/uploads\/2023\/01\/14-768x512.jpg 768w, https:\/\/victorlax.net\/wp-content\/uploads\/2023\/01\/14-1536x1024.jpg 1536w, https:\/\/victorlax.net\/wp-content\/uploads\/2023\/01\/14-526x351.jpg 526w, https:\/\/victorlax.net\/wp-content\/uploads\/2023\/01\/14-1052x701.jpg 1052w, https:\/\/victorlax.net\/wp-content\/uploads\/2023\/01\/14-120x80.jpg 120w, https:\/\/victorlax.net\/wp-content\/uploads\/2023\/01\/14.jpg 1920w\" alt=\"Castell de Bendinat, Castell de Bendinat wedding, Castell de Bendinat Mallorca, Mallorca wedding photographer, Best wedding photographer in Mallorca\" width=\"1024\" height=\"683\"><br \/>\n<img decoding=\"async\" src=\"https:\/\/victorlax.net\/wp-content\/uploads\/2023\/01\/15-1024x683.jpg\" sizes=\"(max-width: 1024px) 100vw, 1024px\" srcset=\"https:\/\/victorlax.net\/wp-content\/uploads\/2023\/01\/15-1024x683.jpg 1024w, https:\/\/victorlax.net\/wp-content\/uploads\/2023\/01\/15-300x200.jpg 300w, https:\/\/victorlax.net\/wp-content\/uploads\/2023\/01\/15-150x100.jpg 150w, https:\/\/victorlax.net\/wp-content\/uploads\/2023\/01\/15-768x512.jpg 768w, https:\/\/victorlax.net\/wp-content\/uploads\/2023\/01\/15-1536x1024.jpg 1536w, https:\/\/victorlax.net\/wp-content\/uploads\/2023\/01\/15-526x351.jpg 526w, https:\/\/victorlax.net\/wp-content\/uploads\/2023\/01\/15-1052x701.jpg 1052w, https:\/\/victorlax.net\/wp-content\/uploads\/2023\/01\/15-120x80.jpg 120w, https:\/\/victorlax.net\/wp-content\/uploads\/2023\/01\/15.jpg 1920w\" alt=\"Castell de Bendinat, Castell de Bendinat wedding, Castell de Bendinat Mallorca, Mallorca wedding photographer, Best wedding photographer in Mallorca\" width=\"1024\" height=\"683\"><\/p>\n<h2>Castell de Bendinat es una de las mejores fincas de boda en Mallorca<\/h2>\n<p>Mallorca es uno de los mejores lugares para casarse. En los \u00faltimos a\u00f1os hemos visitado muchas fincas en Mallorca, pero<a href=\"_wp_link_placeholder\" data-wplink-edit=\"true\"> Castell de Bendinat<\/a> es sin duda uno de nuestras favoritas<\/p>\n<p>Casarse en Castell de Bendinat es una experiencia inolvidable. Jess &amp; Cons organizaron un cocktail de bienvenida con todos sus invitados en los jardines del castillo al atardecer. La vista panor\u00e1mica que ten\u00edamos delante era \u00fanica; a un lado el castillo, al otro el mar Mediterr\u00e1neo y en el centro Jess &amp; Cons saludando a todo el mundo<\/p>\n<p>Posteriormente se celebr\u00f3 en el patio del castillo, justo debajo de un gran \u00e1rbol centenario. All\u00ed Erika y yo pudimos fotografiar momentos muy emotivos, especialmente durante los discursos tanto de Jess como de Cons, \u00e9ste \u00faltimo fue \u00e9pico. Hay que decir que Marcos de<a href=\"https:\/\/www.islandweddingsmallorca.com\/\"> Island Wedding Mallorca<\/a> junto con los decoradores Bombillas y Flores crearon un ambiente especial. Incluso incluyeron detalles filipinos. Creedme cuando os digo que todo parec\u00eda un cuento de hadas. Aunque el primer baile fue en la puerta principal del castillo, la fiesta fue en una de las salas del interior del castillo. Fue muy divertido fotografiar una gran fiesta en una sala de un castillo del siglo XIX, jajaja.<\/p>\n<p>Sin lugar a dudas, el Castillo de Bendinat es uno de los lugares m\u00e1s exclusivos para celebrar bodas en Mallorca. S\u00f3lo organizan unas pocas bodas al a\u00f1o por lo que cada boda como pod\u00e9is imaginar es \u00fanica e irrepetible.<\/p>\n<p><img decoding=\"async\" src=\"https:\/\/victorlax.net\/wp-content\/uploads\/2023\/01\/18-1024x683.jpg\" sizes=\"(max-width: 1024px) 100vw, 1024px\" srcset=\"https:\/\/victorlax.net\/wp-content\/uploads\/2023\/01\/18-1024x683.jpg 1024w, https:\/\/victorlax.net\/wp-content\/uploads\/2023\/01\/18-300x200.jpg 300w, https:\/\/victorlax.net\/wp-content\/uploads\/2023\/01\/18-150x100.jpg 150w, https:\/\/victorlax.net\/wp-content\/uploads\/2023\/01\/18-768x512.jpg 768w, https:\/\/victorlax.net\/wp-content\/uploads\/2023\/01\/18-1536x1024.jpg 1536w, https:\/\/victorlax.net\/wp-content\/uploads\/2023\/01\/18-526x351.jpg 526w, https:\/\/victorlax.net\/wp-content\/uploads\/2023\/01\/18-1052x701.jpg 1052w, https:\/\/victorlax.net\/wp-content\/uploads\/2023\/01\/18-120x80.jpg 120w, https:\/\/victorlax.net\/wp-content\/uploads\/2023\/01\/18.jpg 1920w\" alt=\"Castell de Bendinat, Castell de Bendinat wedding, Castell de Bendinat Mallorca, Mallorca wedding photographer, Best wedding photographer in Mallorca\" width=\"1024\" height=\"683\"><br \/>\n<img decoding=\"async\" src=\"https:\/\/victorlax.net\/wp-content\/uploads\/2023\/01\/16-1024x683.jpg\" sizes=\"(max-width: 1024px) 100vw, 1024px\" srcset=\"https:\/\/victorlax.net\/wp-content\/uploads\/2023\/01\/16-1024x683.jpg 1024w, https:\/\/victorlax.net\/wp-content\/uploads\/2023\/01\/16-300x200.jpg 300w, https:\/\/victorlax.net\/wp-content\/uploads\/2023\/01\/16-150x100.jpg 150w, https:\/\/victorlax.net\/wp-content\/uploads\/2023\/01\/16-768x512.jpg 768w, https:\/\/victorlax.net\/wp-content\/uploads\/2023\/01\/16-1536x1024.jpg 1536w, https:\/\/victorlax.net\/wp-content\/uploads\/2023\/01\/16-526x351.jpg 526w, https:\/\/victorlax.net\/wp-content\/uploads\/2023\/01\/16-1052x701.jpg 1052w, https:\/\/victorlax.net\/wp-content\/uploads\/2023\/01\/16-120x80.jpg 120w, https:\/\/victorlax.net\/wp-content\/uploads\/2023\/01\/16.jpg 1920w\" alt=\"Castell de Bendinat, Castell de Bendinat wedding, Castell de Bendinat Mallorca, Mallorca wedding photographer, Best wedding photographer in Mallorca\" width=\"1024\" height=\"683\"><br \/>\n<img decoding=\"async\" src=\"https:\/\/victorlax.net\/wp-content\/uploads\/2023\/01\/17-1024x683.jpg\" sizes=\"(max-width: 1024px) 100vw, 1024px\" srcset=\"https:\/\/victorlax.net\/wp-content\/uploads\/2023\/01\/17-1024x683.jpg 1024w, https:\/\/victorlax.net\/wp-content\/uploads\/2023\/01\/17-300x200.jpg 300w, https:\/\/victorlax.net\/wp-content\/uploads\/2023\/01\/17-150x100.jpg 150w, https:\/\/victorlax.net\/wp-content\/uploads\/2023\/01\/17-768x512.jpg 768w, https:\/\/victorlax.net\/wp-content\/uploads\/2023\/01\/17-1536x1024.jpg 1536w, https:\/\/victorlax.net\/wp-content\/uploads\/2023\/01\/17-526x351.jpg 526w, https:\/\/victorlax.net\/wp-content\/uploads\/2023\/01\/17-1052x701.jpg 1052w, https:\/\/victorlax.net\/wp-content\/uploads\/2023\/01\/17-120x80.jpg 120w, https:\/\/victorlax.net\/wp-content\/uploads\/2023\/01\/17.jpg 1920w\" alt=\"Castell de Bendinat, Castell de Bendinat wedding, Castell de Bendinat Mallorca, Mallorca wedding photographer, Best wedding photographer in Mallorca\" width=\"1024\" height=\"683\"><br \/>\n<img decoding=\"async\" src=\"https:\/\/victorlax.net\/wp-content\/uploads\/2023\/01\/19-1024x683.jpg\" sizes=\"(max-width: 1024px) 100vw, 1024px\" srcset=\"https:\/\/victorlax.net\/wp-content\/uploads\/2023\/01\/19-1024x683.jpg 1024w, https:\/\/victorlax.net\/wp-content\/uploads\/2023\/01\/19-300x200.jpg 300w, https:\/\/victorlax.net\/wp-content\/uploads\/2023\/01\/19-150x100.jpg 150w, https:\/\/victorlax.net\/wp-content\/uploads\/2023\/01\/19-768x512.jpg 768w, https:\/\/victorlax.net\/wp-content\/uploads\/2023\/01\/19-1536x1024.jpg 1536w, https:\/\/victorlax.net\/wp-content\/uploads\/2023\/01\/19-526x351.jpg 526w, https:\/\/victorlax.net\/wp-content\/uploads\/2023\/01\/19-1052x701.jpg 1052w, https:\/\/victorlax.net\/wp-content\/uploads\/2023\/01\/19-120x80.jpg 120w, https:\/\/victorlax.net\/wp-content\/uploads\/2023\/01\/19.jpg 1920w\" alt=\"Castell de Bendinat, Castell de Bendinat wedding, Castell de Bendinat Mallorca, Mallorca wedding photographer, Best wedding photographer in Mallorca\" width=\"1024\" height=\"683\"><br \/>\n<img decoding=\"async\" src=\"https:\/\/victorlax.net\/wp-content\/uploads\/2023\/01\/1-1024x683.jpg\" sizes=\"(max-width: 1024px) 100vw, 1024px\" srcset=\"https:\/\/victorlax.net\/wp-content\/uploads\/2023\/01\/1-1024x683.jpg 1024w, https:\/\/victorlax.net\/wp-content\/uploads\/2023\/01\/1-300x200.jpg 300w, https:\/\/victorlax.net\/wp-content\/uploads\/2023\/01\/1-150x100.jpg 150w, https:\/\/victorlax.net\/wp-content\/uploads\/2023\/01\/1-768x512.jpg 768w, https:\/\/victorlax.net\/wp-content\/uploads\/2023\/01\/1-1536x1024.jpg 1536w, https:\/\/victorlax.net\/wp-content\/uploads\/2023\/01\/1-526x351.jpg 526w, https:\/\/victorlax.net\/wp-content\/uploads\/2023\/01\/1-1052x701.jpg 1052w, https:\/\/victorlax.net\/wp-content\/uploads\/2023\/01\/1-120x80.jpg 120w, https:\/\/victorlax.net\/wp-content\/uploads\/2023\/01\/1.jpg 1920w\" alt=\"Castell de Bendinat, Castell de Bendinat wedding, Castell de Bendinat Mallorca, Mallorca wedding photographer, Best wedding photographer in Mallorca\" width=\"1024\" height=\"683\"><br \/>\n<img decoding=\"async\" src=\"https:\/\/victorlax.net\/wp-content\/uploads\/2023\/01\/21h-1024x683.jpg\" sizes=\"(max-width: 1024px) 100vw, 1024px\" srcset=\"https:\/\/victorlax.net\/wp-content\/uploads\/2023\/01\/21h-1024x683.jpg 1024w, https:\/\/victorlax.net\/wp-content\/uploads\/2023\/01\/21h-300x200.jpg 300w, https:\/\/victorlax.net\/wp-content\/uploads\/2023\/01\/21h-150x100.jpg 150w, https:\/\/victorlax.net\/wp-content\/uploads\/2023\/01\/21h-768x512.jpg 768w, https:\/\/victorlax.net\/wp-content\/uploads\/2023\/01\/21h-1536x1024.jpg 1536w, https:\/\/victorlax.net\/wp-content\/uploads\/2023\/01\/21h-526x351.jpg 526w, https:\/\/victorlax.net\/wp-content\/uploads\/2023\/01\/21h-1052x701.jpg 1052w, https:\/\/victorlax.net\/wp-content\/uploads\/2023\/01\/21h-120x80.jpg 120w, https:\/\/victorlax.net\/wp-content\/uploads\/2023\/01\/21h.jpg 1920w\" alt=\"Castell de Bendinat, Castell de Bendinat wedding, Castell de Bendinat Mallorca, Mallorca wedding photographer, Best wedding photographer in Mallorca\" width=\"1024\" height=\"683\"><br \/>\n<img decoding=\"async\" src=\"https:\/\/victorlax.net\/wp-content\/uploads\/2023\/01\/22-1024x683.jpg\" sizes=\"(max-width: 1024px) 100vw, 1024px\" srcset=\"https:\/\/victorlax.net\/wp-content\/uploads\/2023\/01\/22-1024x683.jpg 1024w, https:\/\/victorlax.net\/wp-content\/uploads\/2023\/01\/22-300x200.jpg 300w, https:\/\/victorlax.net\/wp-content\/uploads\/2023\/01\/22-150x100.jpg 150w, https:\/\/victorlax.net\/wp-content\/uploads\/2023\/01\/22-768x512.jpg 768w, https:\/\/victorlax.net\/wp-content\/uploads\/2023\/01\/22-1536x1024.jpg 1536w, https:\/\/victorlax.net\/wp-content\/uploads\/2023\/01\/22-526x351.jpg 526w, https:\/\/victorlax.net\/wp-content\/uploads\/2023\/01\/22-1052x701.jpg 1052w, https:\/\/victorlax.net\/wp-content\/uploads\/2023\/01\/22-120x80.jpg 120w, https:\/\/victorlax.net\/wp-content\/uploads\/2023\/01\/22.jpg 1920w\" alt=\"Castell de Bendinat, Castell de Bendinat wedding, Castell de Bendinat Mallorca, Mallorca wedding photographer, Best wedding photographer in Mallorca\" width=\"1024\" height=\"683\"><br \/>\n<img decoding=\"async\" src=\"https:\/\/victorlax.net\/wp-content\/uploads\/2023\/01\/23-1024x683.jpg\" sizes=\"(max-width: 1024px) 100vw, 1024px\" srcset=\"https:\/\/victorlax.net\/wp-content\/uploads\/2023\/01\/23-1024x683.jpg 1024w, https:\/\/victorlax.net\/wp-content\/uploads\/2023\/01\/23-300x200.jpg 300w, https:\/\/victorlax.net\/wp-content\/uploads\/2023\/01\/23-150x100.jpg 150w, https:\/\/victorlax.net\/wp-content\/uploads\/2023\/01\/23-768x512.jpg 768w, https:\/\/victorlax.net\/wp-content\/uploads\/2023\/01\/23-1536x1024.jpg 1536w, https:\/\/victorlax.net\/wp-content\/uploads\/2023\/01\/23-526x351.jpg 526w, https:\/\/victorlax.net\/wp-content\/uploads\/2023\/01\/23-1052x701.jpg 1052w, https:\/\/victorlax.net\/wp-content\/uploads\/2023\/01\/23-120x80.jpg 120w, https:\/\/victorlax.net\/wp-content\/uploads\/2023\/01\/23.jpg 1920w\" alt=\"Castell de Bendinat, Castell de Bendinat wedding, Castell de Bendinat Mallorca, Mallorca wedding photographer, Best wedding photographer in Mallorca\" width=\"1024\" height=\"683\"><br \/>\n<img decoding=\"async\" src=\"https:\/\/victorlax.net\/wp-content\/uploads\/2023\/01\/24-1024x683.jpg\" sizes=\"(max-width: 1024px) 100vw, 1024px\" srcset=\"https:\/\/victorlax.net\/wp-content\/uploads\/2023\/01\/24-1024x683.jpg 1024w, https:\/\/victorlax.net\/wp-content\/uploads\/2023\/01\/24-300x200.jpg 300w, https:\/\/victorlax.net\/wp-content\/uploads\/2023\/01\/24-150x100.jpg 150w, https:\/\/victorlax.net\/wp-content\/uploads\/2023\/01\/24-768x512.jpg 768w, https:\/\/victorlax.net\/wp-content\/uploads\/2023\/01\/24-1536x1024.jpg 1536w, https:\/\/victorlax.net\/wp-content\/uploads\/2023\/01\/24-526x351.jpg 526w, https:\/\/victorlax.net\/wp-content\/uploads\/2023\/01\/24-1052x701.jpg 1052w, https:\/\/victorlax.net\/wp-content\/uploads\/2023\/01\/24-120x80.jpg 120w, https:\/\/victorlax.net\/wp-content\/uploads\/2023\/01\/24.jpg 1920w\" alt=\"Castell de Bendinat, Castell de Bendinat wedding, Castell de Bendinat Mallorca, Mallorca wedding photographer, Best wedding photographer in Mallorca\" width=\"1024\" height=\"683\"><br \/>\n<img decoding=\"async\" src=\"https:\/\/victorlax.net\/wp-content\/uploads\/2023\/01\/25-1024x683.jpg\" sizes=\"(max-width: 1024px) 100vw, 1024px\" srcset=\"https:\/\/victorlax.net\/wp-content\/uploads\/2023\/01\/25-1024x683.jpg 1024w, https:\/\/victorlax.net\/wp-content\/uploads\/2023\/01\/25-300x200.jpg 300w, https:\/\/victorlax.net\/wp-content\/uploads\/2023\/01\/25-150x100.jpg 150w, https:\/\/victorlax.net\/wp-content\/uploads\/2023\/01\/25-768x512.jpg 768w, https:\/\/victorlax.net\/wp-content\/uploads\/2023\/01\/25-1536x1024.jpg 1536w, https:\/\/victorlax.net\/wp-content\/uploads\/2023\/01\/25-526x351.jpg 526w, https:\/\/victorlax.net\/wp-content\/uploads\/2023\/01\/25-1052x701.jpg 1052w, https:\/\/victorlax.net\/wp-content\/uploads\/2023\/01\/25-120x80.jpg 120w, https:\/\/victorlax.net\/wp-content\/uploads\/2023\/01\/25.jpg 1920w\" alt=\"Castell de Bendinat, Castell de Bendinat wedding, Castell de Bendinat Mallorca, Mallorca wedding photographer, Best wedding photographer in Mallorca\" width=\"1024\" height=\"683\"><br \/>\n<img decoding=\"async\" src=\"https:\/\/victorlax.net\/wp-content\/uploads\/2023\/01\/26-1024x683.jpg\" sizes=\"(max-width: 1024px) 100vw, 1024px\" srcset=\"https:\/\/victorlax.net\/wp-content\/uploads\/2023\/01\/26-1024x683.jpg 1024w, https:\/\/victorlax.net\/wp-content\/uploads\/2023\/01\/26-300x200.jpg 300w, https:\/\/victorlax.net\/wp-content\/uploads\/2023\/01\/26-150x100.jpg 150w, https:\/\/victorlax.net\/wp-content\/uploads\/2023\/01\/26-768x512.jpg 768w, https:\/\/victorlax.net\/wp-content\/uploads\/2023\/01\/26-1536x1024.jpg 1536w, https:\/\/victorlax.net\/wp-content\/uploads\/2023\/01\/26-526x351.jpg 526w, https:\/\/victorlax.net\/wp-content\/uploads\/2023\/01\/26-1052x701.jpg 1052w, https:\/\/victorlax.net\/wp-content\/uploads\/2023\/01\/26-120x80.jpg 120w, https:\/\/victorlax.net\/wp-content\/uploads\/2023\/01\/26.jpg 1920w\" alt=\"Castell de Bendinat, Castell de Bendinat wedding, Castell de Bendinat Mallorca, Mallorca wedding photographer, Best wedding photographer in Mallorca\" width=\"1024\" height=\"683\"><br \/>\n<img decoding=\"async\" src=\"https:\/\/victorlax.net\/wp-content\/uploads\/2023\/01\/27-1024x683.jpg\" sizes=\"(max-width: 1024px) 100vw, 1024px\" srcset=\"https:\/\/victorlax.net\/wp-content\/uploads\/2023\/01\/27-1024x683.jpg 1024w, https:\/\/victorlax.net\/wp-content\/uploads\/2023\/01\/27-300x200.jpg 300w, https:\/\/victorlax.net\/wp-content\/uploads\/2023\/01\/27-150x100.jpg 150w, https:\/\/victorlax.net\/wp-content\/uploads\/2023\/01\/27-768x512.jpg 768w, https:\/\/victorlax.net\/wp-content\/uploads\/2023\/01\/27-1536x1024.jpg 1536w, https:\/\/victorlax.net\/wp-content\/uploads\/2023\/01\/27-526x351.jpg 526w, https:\/\/victorlax.net\/wp-content\/uploads\/2023\/01\/27-1052x701.jpg 1052w, https:\/\/victorlax.net\/wp-content\/uploads\/2023\/01\/27-120x80.jpg 120w, https:\/\/victorlax.net\/wp-content\/uploads\/2023\/01\/27.jpg 1920w\" alt=\"Castell de Bendinat, Castell de Bendinat wedding, Castell de Bendinat Mallorca, Mallorca wedding photographer, Best wedding photographer in Mallorca\" width=\"1024\" height=\"683\"><br \/>\n<img decoding=\"async\" src=\"https:\/\/victorlax.net\/wp-content\/uploads\/2023\/01\/28-1024x683.jpg\" sizes=\"(max-width: 1024px) 100vw, 1024px\" srcset=\"https:\/\/victorlax.net\/wp-content\/uploads\/2023\/01\/28-1024x683.jpg 1024w, https:\/\/victorlax.net\/wp-content\/uploads\/2023\/01\/28-300x200.jpg 300w, https:\/\/victorlax.net\/wp-content\/uploads\/2023\/01\/28-150x100.jpg 150w, https:\/\/victorlax.net\/wp-content\/uploads\/2023\/01\/28-768x512.jpg 768w, https:\/\/victorlax.net\/wp-content\/uploads\/2023\/01\/28-1536x1024.jpg 1536w, https:\/\/victorlax.net\/wp-content\/uploads\/2023\/01\/28-526x351.jpg 526w, https:\/\/victorlax.net\/wp-content\/uploads\/2023\/01\/28-1052x701.jpg 1052w, https:\/\/victorlax.net\/wp-content\/uploads\/2023\/01\/28-120x80.jpg 120w, https:\/\/victorlax.net\/wp-content\/uploads\/2023\/01\/28.jpg 1920w\" alt=\"Castell de Bendinat, Castell de Bendinat wedding, Castell de Bendinat Mallorca, Mallorca wedding photographer, Best wedding photographer in Mallorca\" width=\"1024\" height=\"683\"><br \/>\n<img decoding=\"async\" src=\"https:\/\/victorlax.net\/wp-content\/uploads\/2023\/01\/30-1024x683.jpg\" sizes=\"(max-width: 1024px) 100vw, 1024px\" srcset=\"https:\/\/victorlax.net\/wp-content\/uploads\/2023\/01\/30-1024x683.jpg 1024w, https:\/\/victorlax.net\/wp-content\/uploads\/2023\/01\/30-300x200.jpg 300w, https:\/\/victorlax.net\/wp-content\/uploads\/2023\/01\/30-150x100.jpg 150w, https:\/\/victorlax.net\/wp-content\/uploads\/2023\/01\/30-768x512.jpg 768w, https:\/\/victorlax.net\/wp-content\/uploads\/2023\/01\/30-1536x1024.jpg 1536w, https:\/\/victorlax.net\/wp-content\/uploads\/2023\/01\/30-526x351.jpg 526w, https:\/\/victorlax.net\/wp-content\/uploads\/2023\/01\/30-1052x701.jpg 1052w, https:\/\/victorlax.net\/wp-content\/uploads\/2023\/01\/30-120x80.jpg 120w, https:\/\/victorlax.net\/wp-content\/uploads\/2023\/01\/30.jpg 1920w\" alt=\"Castell de Bendinat, Castell de Bendinat wedding, Castell de Bendinat Mallorca, Mallorca wedding photographer, Best wedding photographer in Mallorca\" width=\"1024\" height=\"683\"><br \/>\n<img decoding=\"async\" src=\"https:\/\/victorlax.net\/wp-content\/uploads\/2023\/01\/31-1024x683.jpg\" sizes=\"(max-width: 1024px) 100vw, 1024px\" srcset=\"https:\/\/victorlax.net\/wp-content\/uploads\/2023\/01\/31-1024x683.jpg 1024w, https:\/\/victorlax.net\/wp-content\/uploads\/2023\/01\/31-300x200.jpg 300w, https:\/\/victorlax.net\/wp-content\/uploads\/2023\/01\/31-150x100.jpg 150w, https:\/\/victorlax.net\/wp-content\/uploads\/2023\/01\/31-768x512.jpg 768w, https:\/\/victorlax.net\/wp-content\/uploads\/2023\/01\/31-1536x1024.jpg 1536w, https:\/\/victorlax.net\/wp-content\/uploads\/2023\/01\/31-526x351.jpg 526w, https:\/\/victorlax.net\/wp-content\/uploads\/2023\/01\/31-1052x701.jpg 1052w, https:\/\/victorlax.net\/wp-content\/uploads\/2023\/01\/31-120x80.jpg 120w, https:\/\/victorlax.net\/wp-content\/uploads\/2023\/01\/31.jpg 1920w\" alt=\"Castell de Bendinat, Castell de Bendinat wedding, Castell de Bendinat Mallorca, Mallorca wedding photographer, Best wedding photographer in Mallorca\" width=\"1024\" height=\"683\"><\/p>\n<h2>Gracias<\/h2>\n<p>Erika y yo queremos enviar un fuerte abrazo a Jess &amp; Cons por darnos la oportunidad de fotografiar su boda en Mallorca. Vamos a estar por siempre eternamente agradecidos.<\/p>\n<p>Ojal\u00e1 tengamos la suerte de fotografiar otra boda en Castell de Bendinat lo antes posible, ;).<\/p>\n","protected":false},"excerpt":{"rendered":"<p>La incre\u00edble boda de Jess &amp; Cons en el Castell de Bendinat de Mallorca. Es hora de ense\u00f1aros una boda super bonita que Erika y yo fotografiamos en Castell de Bendinat en Mallorca. Jess &amp; Cons, una encantadora pareja filipino-alemana eligieron Mallorca como lugar para su boda. La elecci\u00f3n de Mallorca no fue casual, ambos [&hellip;]<\/p>\n","protected":false},"author":2,"featured_media":26845,"comment_status":"closed","ping_status":"open","sticky":false,"template":"","format":"standard","meta":{"inline_featured_image":false,"footnotes":"","_links_to":"","_links_to_target":""},"categories":[748,733],"tags":[],"acf":[],"yoast_head":"<!-- This site is optimized with the Yoast SEO plugin v19.10 - https:\/\/yoast.com\/wordpress\/plugins\/seo\/ -->\n<title>Jess &amp; Cons | Sesi\u00f3n en Castell de Bendinat, Mallorca<\/title>\n<meta name=\"description\" content=\"Boda inolvidable en Castell de Bendinat, uno de los lugares m\u00e1s bonitos para celebrar bodas en la isla de Mallorca. Fotos realizadas por Erika &amp; Victor.\" \/>\n<meta name=\"robots\" content=\"index, follow, max-snippet:-1, max-image-preview:large, max-video-preview:-1\" \/>\n<link rel=\"canonical\" href=\"https:\/\/victorlax.net\/es\/fotografos-de-bodas\/jess-cons-wedding-at-castell-de-bendinat-in-mallorca\/\" \/>\n<meta property=\"og:locale\" content=\"es_ES\" \/>\n<meta property=\"og:type\" content=\"article\" \/>\n<meta property=\"og:title\" content=\"Jess &amp; Cons | Sesi\u00f3n en Castell de Bendinat, Mallorca\" \/>\n<meta property=\"og:description\" content=\"Boda inolvidable en Castell de Bendinat, uno de los lugares m\u00e1s bonitos para celebrar bodas en la isla de Mallorca. Fotos realizadas por Erika &amp; Victor.\" \/>\n<meta property=\"og:url\" content=\"https:\/\/victorlax.net\/es\/fotografos-de-bodas\/jess-cons-wedding-at-castell-de-bendinat-in-mallorca\/\" \/>\n<meta property=\"og:site_name\" content=\"VictorLax\" \/>\n<meta property=\"article:published_time\" content=\"2023-01-03T06:54:56+00:00\" \/>\n<meta property=\"article:modified_time\" content=\"2023-06-08T11:25:52+00:00\" \/>\n<meta property=\"og:image\" content=\"https:\/\/victorlax.net\/wp-content\/uploads\/2023\/01\/20-1.jpg\" \/>\n\t<meta property=\"og:image:width\" content=\"1920\" \/>\n\t<meta property=\"og:image:height\" content=\"1280\" \/>\n\t<meta property=\"og:image:type\" content=\"image\/jpeg\" \/>\n<meta name=\"author\" content=\"Victorlax\" \/>\n<meta name=\"twitter:card\" content=\"summary_large_image\" \/>\n<meta name=\"twitter:label1\" content=\"Written by\" \/>\n\t<meta name=\"twitter:data1\" content=\"Victorlax\" \/>\n\t<meta name=\"twitter:label2\" content=\"Est. reading time\" \/>\n\t<meta name=\"twitter:data2\" content=\"9 minutes\" \/>\n<!-- \/ Yoast SEO plugin. -->","yoast_head_json":{"title":"Jess & Cons | Sesi\u00f3n en Castell de Bendinat, Mallorca","description":"Boda inolvidable en Castell de Bendinat, uno de los lugares m\u00e1s bonitos para celebrar bodas en la isla de Mallorca. Fotos realizadas por Erika & Victor.","robots":{"index":"index","follow":"follow","max-snippet":"max-snippet:-1","max-image-preview":"max-image-preview:large","max-video-preview":"max-video-preview:-1"},"canonical":"https:\/\/victorlax.net\/es\/fotografos-de-bodas\/jess-cons-wedding-at-castell-de-bendinat-in-mallorca\/","og_locale":"es_ES","og_type":"article","og_title":"Jess & Cons | Sesi\u00f3n en Castell de Bendinat, Mallorca","og_description":"Boda inolvidable en Castell de Bendinat, uno de los lugares m\u00e1s bonitos para celebrar bodas en la isla de Mallorca. Fotos realizadas por Erika & Victor.","og_url":"https:\/\/victorlax.net\/es\/fotografos-de-bodas\/jess-cons-wedding-at-castell-de-bendinat-in-mallorca\/","og_site_name":"VictorLax","article_published_time":"2023-01-03T06:54:56+00:00","article_modified_time":"2023-06-08T11:25:52+00:00","og_image":[{"width":1920,"height":1280,"url":"https:\/\/victorlax.net\/wp-content\/uploads\/2023\/01\/20-1.jpg","type":"image\/jpeg"}],"author":"Victorlax","twitter_card":"summary_large_image","twitter_misc":{"Written by":"Victorlax","Est. reading time":"9 minutes"},"schema":{"@context":"https:\/\/schema.org","@graph":[{"@type":"WebPage","@id":"https:\/\/victorlax.net\/es\/fotografos-de-bodas\/jess-cons-wedding-at-castell-de-bendinat-in-mallorca\/","url":"https:\/\/victorlax.net\/es\/fotografos-de-bodas\/jess-cons-wedding-at-castell-de-bendinat-in-mallorca\/","name":"Jess & Cons | Sesi\u00f3n en Castell de Bendinat, Mallorca","isPartOf":{"@id":"https:\/\/victorlax.net\/es\/#website"},"datePublished":"2023-01-03T06:54:56+00:00","dateModified":"2023-06-08T11:25:52+00:00","author":{"@id":"https:\/\/victorlax.net\/es\/#\/schema\/person\/bda4338fd4ef90baf2b4fc1c256fdae6"},"description":"Boda inolvidable en Castell de Bendinat, uno de los lugares m\u00e1s bonitos para celebrar bodas en la isla de Mallorca. Fotos realizadas por Erika & Victor.","breadcrumb":{"@id":"https:\/\/victorlax.net\/es\/fotografos-de-bodas\/jess-cons-wedding-at-castell-de-bendinat-in-mallorca\/#breadcrumb"},"inLanguage":"es","potentialAction":[{"@type":"ReadAction","target":["https:\/\/victorlax.net\/es\/fotografos-de-bodas\/jess-cons-wedding-at-castell-de-bendinat-in-mallorca\/"]}]},{"@type":"BreadcrumbList","@id":"https:\/\/victorlax.net\/es\/fotografos-de-bodas\/jess-cons-wedding-at-castell-de-bendinat-in-mallorca\/#breadcrumb","itemListElement":[{"@type":"ListItem","position":1,"name":"Inicio","item":"https:\/\/victorlax.net\/es\/"},{"@type":"ListItem","position":2,"name":"Jess &#038; Cons | Castell de Bendinat, Mallorca."}]},{"@type":"WebSite","@id":"https:\/\/victorlax.net\/es\/#website","url":"https:\/\/victorlax.net\/es\/","name":"VictorLax","description":"Convertimos tu boda en una obra de arte","potentialAction":[{"@type":"SearchAction","target":{"@type":"EntryPoint","urlTemplate":"https:\/\/victorlax.net\/es\/?s={search_term_string}"},"query-input":"required name=search_term_string"}],"inLanguage":"es"},{"@type":"Person","@id":"https:\/\/victorlax.net\/es\/#\/schema\/person\/bda4338fd4ef90baf2b4fc1c256fdae6","name":"Victorlax"}]}},"_links":{"self":[{"href":"https:\/\/victorlax.net\/es\/wp-json\/wp\/v2\/posts\/26752"}],"collection":[{"href":"https:\/\/victorlax.net\/es\/wp-json\/wp\/v2\/posts"}],"about":[{"href":"https:\/\/victorlax.net\/es\/wp-json\/wp\/v2\/types\/post"}],"author":[{"embeddable":true,"href":"https:\/\/victorlax.net\/es\/wp-json\/wp\/v2\/users\/2"}],"replies":[{"embeddable":true,"href":"https:\/\/victorlax.net\/es\/wp-json\/wp\/v2\/comments?post=26752"}],"version-history":[{"count":1,"href":"https:\/\/victorlax.net\/es\/wp-json\/wp\/v2\/posts\/26752\/revisions"}],"predecessor-version":[{"id":28777,"href":"https:\/\/victorlax.net\/es\/wp-json\/wp\/v2\/posts\/26752\/revisions\/28777"}],"wp:featuredmedia":[{"embeddable":true,"href":"https:\/\/victorlax.net\/es\/wp-json\/wp\/v2\/media\/26845"}],"wp:attachment":[{"href":"https:\/\/victorlax.net\/es\/wp-json\/wp\/v2\/media?parent=26752"}],"wp:term":[{"taxonomy":"category","embeddable":true,"href":"https:\/\/victorlax.net\/es\/wp-json\/wp\/v2\/categories?post=26752"},{"taxonomy":"post_tag","embeddable":true,"href":"https:\/\/victorlax.net\/es\/wp-json\/wp\/v2\/tags?post=26752"}],"curies":[{"name":"wp","href":"https:\/\/api.w.org\/{rel}","templated":true}]}}